{"id":12739,"date":"2014-05-08T10:12:33","date_gmt":"2014-05-08T08:12:33","guid":{"rendered":"http:\/\/www.blau-weiss-fischenich.de\/?p=12739"},"modified":"2015-04-30T22:14:35","modified_gmt":"2015-04-30T20:14:35","slug":"trauer-um-johann-zopes","status":"publish","type":"post","link":"https:\/\/www.blau-weiss-fischenich.de\/?p=12739","title":{"rendered":"Trauer um Johann Zopes"},"content":{"rendered":"<p>Unsere Gesellschaft trauert mit seiner Familie\u00a0um Johann Zopes, der am Montag, dem 5. Mai 2014 \u00a0im Alter von 84 Jahren pl\u00f6tzlich verstorben ist. Der beliebte und gesch\u00e4tzte Landwirt war seit dem 1. Januar 1973, also seit \u00fcber 40 Jahren Mitglied unserer KG und dar\u00fcber hinaus ein sehr guter Freund und F\u00f6rderer.<\/p>\n<p>Wir haben ihm sehr viel zu verdanken. Viele Jahre hat er uns\u00a0auf dem\u00a0Bauernhof an der Bonnstra\u00dfe (S\u00f6tchen) einen gro\u00dfen Speicher f\u00fcr unser gesamtes umfangreiches Vereinsmaterial kostenlos zur Verf\u00fcgung gestellt, bis der Hof in der Nacht zum 11. August 2009 brannte und damit auch unser Vereinslager ein Opfer der Flammen wurde. Aber auch nach dem Wiederaufbau hat Johann Zopes uns nicht vergessen und einen sch\u00f6nen Raum f\u00fcr Vorstandssitzungen <!--more-->und Proben \u00fcberlassen. Nebenbei sei erw\u00e4hnt, dass auch der Bagagewagen des Blasorchesters, die gro\u00dfe Trommel, zwischen den Karnevalsz\u00fcgen auf seinem Hof kostenlos lagert.<\/p>\n<p>Unser guter Freund Johann Zopes wird am Dienstag, dem 13. Mai um 13.30 Uhr (Exequien um 12.30 Uhr, Pfarrkirche St. Martinus) auf dem Friedhof zu Fischenich begraben. Es ist uns eine Ehre und Verpflichtung zugleich, ihn auf seinem letzten Weg zu begleiten.<\/p>\n<p>Unser Mitgef\u00fchl geh\u00f6rt seiner Familie. Aber auch unser Ort ist \u00e4rmer geworden. Wer erinnert sich nicht gerne an Johann, wenn er statt mit einem Auto mit seinem Traktor, freundlich gr\u00fc\u00dfend, durch die Stra\u00dfen von Fischenich fuhr&#8230;<\/p>\n","protected":false},"excerpt":{"rendered":"<p>Unsere Gesellschaft trauert mit seiner Familie\u00a0um Johann Zopes, der am Montag, dem 5. Mai 2014 \u00a0im Alter von 84 Jahren pl\u00f6tzlich verstorben ist. Der beliebte und gesch\u00e4tzte Landwirt war seit dem 1. Januar 1973, also seit \u00fcber 40 Jahren Mitglied unserer KG und dar\u00fcber hinaus ein sehr guter Freund und F\u00f6rderer. Wir haben ihm sehr [&hellip;]<\/p>\n","protected":false},"author":2,"featured_media":0,"comment_status":"open","ping_status":"open","sticky":false,"template":"","format":"standard","meta":{"ngg_post_thumbnail":0,"_jetpack_newsletter_access":"","_jetpack_dont_email_post_to_subs":false,"_jetpack_newsletter_tier_id":0,"_jetpack_memberships_contains_paywalled_content":false,"_jetpack_memberships_contains_paid_content":false,"footnotes":"","_links_to":"","_links_to_target":""},"categories":[1],"tags":[60,104],"class_list":["post-12739","post","type-post","status-publish","format-standard","hentry","category-allgemein","tag-allgemeine-news","tag-nachruf"],"featured_image_urls":{"full":"","thumbnail":"","medium":"","medium_large":"","large":"","1536x1536":"","2048x2048":""},"author_info":{"info":["Webmaster"]},"category_info":"<a href=\"https:\/\/www.blau-weiss-fischenich.de\/?cat=1\" rel=\"category\">Allgemein<\/a>","tag_info":"Allgemein","comment_count":"0","jetpack_featured_media_url":"","jetpack_sharing_enabled":true,"jetpack_shortlink":"https:\/\/wp.me\/p787HS-3jt","publishpress_future_action":{"enabled":false,"date":"2026-05-02 10:05:55","action":"change-status","newStatus":"draft","terms":[],"taxonomy":"category","extraData":[]},"publishpress_future_workflow_manual_trigger":{"enabledWorkflows":[]},"_links":{"self":[{"href":"https:\/\/www.blau-weiss-fischenich.de\/index.php?rest_route=\/wp\/v2\/posts\/12739","targetHints":{"allow":["GET"]}}],"collection":[{"href":"https:\/\/www.blau-weiss-fischenich.de\/index.php?rest_route=\/wp\/v2\/posts"}],"about":[{"href":"https:\/\/www.blau-weiss-fischenich.de\/index.php?rest_route=\/wp\/v2\/types\/post"}],"author":[{"embeddable":true,"href":"https:\/\/www.blau-weiss-fischenich.de\/index.php?rest_route=\/wp\/v2\/users\/2"}],"replies":[{"embeddable":true,"href":"https:\/\/www.blau-weiss-fischenich.de\/index.php?rest_route=%2Fwp%2Fv2%2Fcomments&post=12739"}],"version-history":[{"count":5,"href":"https:\/\/www.blau-weiss-fischenich.de\/index.php?rest_route=\/wp\/v2\/posts\/12739\/revisions"}],"predecessor-version":[{"id":12812,"href":"https:\/\/www.blau-weiss-fischenich.de\/index.php?rest_route=\/wp\/v2\/posts\/12739\/revisions\/12812"}],"wp:attachment":[{"href":"https:\/\/www.blau-weiss-fischenich.de\/index.php?rest_route=%2Fwp%2Fv2%2Fmedia&parent=12739"}],"wp:term":[{"taxonomy":"category","embeddable":true,"href":"https:\/\/www.blau-weiss-fischenich.de\/index.php?rest_route=%2Fwp%2Fv2%2Fcategories&post=12739"},{"taxonomy":"post_tag","embeddable":true,"href":"https:\/\/www.blau-weiss-fischenich.de\/index.php?rest_route=%2Fwp%2Fv2%2Ftags&post=12739"}],"curies":[{"name":"wp","href":"https:\/\/api.w.org\/{rel}","templated":true}]}}