{"id":1544,"date":"2011-09-19T19:35:37","date_gmt":"2011-09-19T17:35:37","guid":{"rendered":"http:\/\/www.blau-weiss-fischenich.de\/?p=1544"},"modified":"2011-09-28T21:29:37","modified_gmt":"2011-09-28T19:29:37","slug":"musik-verbindet-konzert-bei-hurth-international","status":"publish","type":"post","link":"https:\/\/www.blau-weiss-fischenich.de\/?p=1544","title":{"rendered":"Musik verbindet &#8211; Konzert bei &#8220;H\u00fcrth International&#8221;"},"content":{"rendered":"<p><em>Beim Partnerschaftstreffen \u201eH\u00fcrth International\u201c spielten die Musikvereinigung TOGIDO<br \/>\nSpijkenisse und das Blasorchester der KG Blau-Wei\u00df Fischenich zusammen ein sch\u00f6nes Gemeinschaftskonzert <\/em><\/p>\n<p>Beim diesj\u00e4hrigen Fest \u201eH\u00fcrth International\u201c im Rahmen eines mehrt\u00e4gigen Europatreffens begegneten sich in H\u00fcrth Offizielle, Vereine und Freunde aus den H\u00fcrther Partnerst\u00e4dten Thetford (England), Spijkenisse (Niederlande), Argel\u00e9s-sur- Mer (Frankreich), Kabernet (Kenia) und Skawina (Polen) sowie der neuen Partnerstadt Burhaniye (T\u00fcrkei). Veranstalter war der Partnerschaftsverein H\u00fcrth (PVH), der in diesem Jahr 25 Jahre besteht.<\/p>\n<div id=\"attachment_1545\" style=\"width: 310px\" class=\"wp-caption aligncenter\"><a href=\"https:\/\/i0.wp.com\/www.blau-weiss-fischenich.de\/wp-content\/uploads\/2011\/09\/Rimg0628.jpg\"><img data-recalc-dims=\"1\" fetchpriority=\"high\" decoding=\"async\" aria-describedby=\"caption-attachment-1545\" class=\"size-medium wp-image-1545\" title=\"Rimg0628\" src=\"https:\/\/i0.wp.com\/www.blau-weiss-fischenich.de\/wp-content\/uploads\/2011\/09\/Rimg0628-300x180.jpg?resize=300%2C180\" alt=\"\" width=\"300\" height=\"180\" srcset=\"https:\/\/i0.wp.com\/www.blau-weiss-fischenich.de\/wp-content\/uploads\/2011\/09\/Rimg0628.jpg?resize=300%2C180&amp;ssl=1 300w, https:\/\/i0.wp.com\/www.blau-weiss-fischenich.de\/wp-content\/uploads\/2011\/09\/Rimg0628.jpg?w=850&amp;ssl=1 850w\" sizes=\"(max-width: 300px) 100vw, 300px\" \/><\/a><p id=\"caption-attachment-1545\" class=\"wp-caption-text\">Die Orchester aus Spijkenisse und H\u00fcrth beim gemeinsamen Konzert auf dem Fest &quot;H\u00fcrth International&quot;<\/p><\/div>\n<p>Neben den vielen G\u00e4sten aus sieben Nationen war auch die \u201eMuziekvereniging TOGIDO Hekelingen\u201c aus Spijkenisse bei Rotterdam mit ihrem Vorsitzenden Dirk Sass nach H\u00fcrth gekommen. <!--more-->Gemeinsam mit ihren langj\u00e4hrigen Freunden, dem Blasorchester der KG Blau-Wei\u00df Fischenich aus H\u00fcrth, gestalteten sie auf dem Rathaushof ein abwechslungsreiches zweist\u00fcndiges Konzert.<\/p>\n<div id=\"attachment_1546\" style=\"width: 160px\" class=\"wp-caption alignleft\"><a href=\"https:\/\/i0.wp.com\/www.blau-weiss-fischenich.de\/wp-content\/uploads\/2011\/09\/Rimg0600.jpg\"><img data-recalc-dims=\"1\" decoding=\"async\" aria-describedby=\"caption-attachment-1546\" class=\"size-thumbnail wp-image-1546\" title=\"Rimg0600\" src=\"https:\/\/i0.wp.com\/www.blau-weiss-fischenich.de\/wp-content\/uploads\/2011\/09\/Rimg0600-150x150.jpg?resize=150%2C150\" alt=\"\" width=\"150\" height=\"150\" srcset=\"https:\/\/i0.wp.com\/www.blau-weiss-fischenich.de\/wp-content\/uploads\/2011\/09\/Rimg0600.jpg?resize=150%2C150&amp;ssl=1 150w, https:\/\/i0.wp.com\/www.blau-weiss-fischenich.de\/wp-content\/uploads\/2011\/09\/Rimg0600.jpg?zoom=2&amp;resize=150%2C150&amp;ssl=1 300w, https:\/\/i0.wp.com\/www.blau-weiss-fischenich.de\/wp-content\/uploads\/2011\/09\/Rimg0600.jpg?zoom=3&amp;resize=150%2C150&amp;ssl=1 450w\" sizes=\"(max-width: 150px) 100vw, 150px\" \/><\/a><p id=\"caption-attachment-1546\" class=\"wp-caption-text\">Das Blasorchester begann das Konzert mit dem Konzertmarsch &quot;Viribus Unitis&quot;<\/p><\/div>\n<p>Zun\u00e4chst spielten beide Orchester im Wechsel und zeigten, was sie k\u00f6nnen. W\u00e4hrend einer Umbaupause setzten sich die Musiker dann satzweise zu einem gro\u00dfen vereinigten Orchester um und spielten dann \u2013 erstmals &#8211; gemeinsam. Aufgef\u00fchrt wurden das gro\u00dfe Werk \u201eOregon\u201c, aber auch \u201eGlasnost\u201c, die \u201eQueens Park Melody\u201c, dazu holl\u00e4ndische und deutsche M\u00e4rsche und mehr. Die beiden Dirigenten Viktor Moricz und Gerd Au\u00dfem dirigierten abwechselnd. Das Zusammenspiel der Musiker aus zwei Nationen klappte hervorragend und machte sowohl den Akteuren als auch den Zuh\u00f6rern riesigen Spa\u00df.<\/p>\n<p>Bereits am Vorabend hatten sich die Musiker aus Hekelingen und Fischenich nach einem gemeinsamen Abendessen zu einer Generalprobe im Vereinslokal der Fischenicher Blau-Wei\u00dfen getroffen. Nach dem ersten Beschnuppern war schnell klar: Das passt! Ob Intonation, Tempi oder Dynamik \u2013 die beiden Orchester harmonierten von Anfang an pr\u00e4chtig mit\u00adeinander. Es wurde intensiv geprobt, aber auch viel gelacht. Man sah nur strahlende Gesichter. Die Probe endete sp\u00e4t nach einer feuchtfr\u00f6hlichen l\u00e4ngeren \u201edritten Halbzeit\u201c. Dabei taten sich einige Fischenicher Musiker ganz spontan zu einer Band zusammen und spielten zur Freude aller einfach so ohne Noten munter auf. Da schmeckte das K\u00f6lsch auch den holl\u00e4ndischen Freunden noch mal so gut.<\/p>\n<p>Nach dem gro\u00dfen Open-Air-Konzert beider Orchester bei \u201eH\u00fcrth International\u201c spielten beide Gruppen auch noch einen kleinen Festzug in Fischenich und begleiteten den Sch\u00fctzenk\u00f6nig mit z\u00fcnftiger<br \/>\nMarschmusik zum Sch\u00fctzenball. Der Tag klang aus mit einem gem\u00fctlichen Abend bei Jazzmusik im H\u00fcrther B\u00fcrgerhaus-Restaurant \u201eHenckels\u201c.<\/p>\n<p>Mit einer Besichtigung der K\u00f6lsch-Brauerei \u201eBischoff\u201c ging es dann am Sonntagmorgen fr\u00f6hlich weiter. Danach trennten sich die Wege der beiden Orchester: Die Spijkenisser gaben noch ein kleines Platzkonzert in H\u00fcrth-Gleuel; die Fischenicher spielten in Lechenich zu einem stimmungsvollen Okoberfestnachmittag auf. Im n\u00e4chsten Jahr, wenn die Musikvereinigung aus Spijkenisse ihr 100-j\u00e4hriges Bestehen feiert, wird unser Blasorchester dort gastieren und Konzerte geben.<\/p>\n<p><a href=\"https:\/\/i0.wp.com\/www.blau-weiss-fischenich.de\/wp-content\/uploads\/2011\/09\/Rimg0611.jpg\"><img data-recalc-dims=\"1\" decoding=\"async\" class=\"alignleft size-thumbnail wp-image-1549\" title=\"Rimg0611\" src=\"https:\/\/i0.wp.com\/www.blau-weiss-fischenich.de\/wp-content\/uploads\/2011\/09\/Rimg0611-150x150.jpg?resize=150%2C150\" alt=\"\" width=\"150\" height=\"150\" srcset=\"https:\/\/i0.wp.com\/www.blau-weiss-fischenich.de\/wp-content\/uploads\/2011\/09\/Rimg0611.jpg?resize=150%2C150&amp;ssl=1 150w, https:\/\/i0.wp.com\/www.blau-weiss-fischenich.de\/wp-content\/uploads\/2011\/09\/Rimg0611.jpg?zoom=2&amp;resize=150%2C150&amp;ssl=1 300w, https:\/\/i0.wp.com\/www.blau-weiss-fischenich.de\/wp-content\/uploads\/2011\/09\/Rimg0611.jpg?zoom=3&amp;resize=150%2C150&amp;ssl=1 450w\" sizes=\"(max-width: 150px) 100vw, 150px\" \/><\/a><a href=\"https:\/\/i0.wp.com\/www.blau-weiss-fischenich.de\/wp-content\/uploads\/2011\/09\/Rimg0596.jpg\"><img data-recalc-dims=\"1\" loading=\"lazy\" decoding=\"async\" class=\"alignright size-thumbnail wp-image-1547\" title=\"Rimg0596\" src=\"https:\/\/i0.wp.com\/www.blau-weiss-fischenich.de\/wp-content\/uploads\/2011\/09\/Rimg0596-150x150.jpg?resize=150%2C150\" alt=\"\" width=\"150\" height=\"150\" srcset=\"https:\/\/i0.wp.com\/www.blau-weiss-fischenich.de\/wp-content\/uploads\/2011\/09\/Rimg0596.jpg?resize=150%2C150&amp;ssl=1 150w, https:\/\/i0.wp.com\/www.blau-weiss-fischenich.de\/wp-content\/uploads\/2011\/09\/Rimg0596.jpg?zoom=2&amp;resize=150%2C150&amp;ssl=1 300w, https:\/\/i0.wp.com\/www.blau-weiss-fischenich.de\/wp-content\/uploads\/2011\/09\/Rimg0596.jpg?zoom=3&amp;resize=150%2C150&amp;ssl=1 450w\" sizes=\"(max-width: 150px) 100vw, 150px\" \/><\/a><a href=\"https:\/\/i0.wp.com\/www.blau-weiss-fischenich.de\/wp-content\/uploads\/2011\/09\/Rimg0598.jpg\"><img data-recalc-dims=\"1\" loading=\"lazy\" decoding=\"async\" class=\"aligncenter size-thumbnail wp-image-1548\" title=\"Rimg0598\" src=\"https:\/\/i0.wp.com\/www.blau-weiss-fischenich.de\/wp-content\/uploads\/2011\/09\/Rimg0598-150x150.jpg?resize=150%2C150\" alt=\"\" width=\"150\" height=\"150\" srcset=\"https:\/\/i0.wp.com\/www.blau-weiss-fischenich.de\/wp-content\/uploads\/2011\/09\/Rimg0598.jpg?resize=150%2C150&amp;ssl=1 150w, https:\/\/i0.wp.com\/www.blau-weiss-fischenich.de\/wp-content\/uploads\/2011\/09\/Rimg0598.jpg?zoom=2&amp;resize=150%2C150&amp;ssl=1 300w, https:\/\/i0.wp.com\/www.blau-weiss-fischenich.de\/wp-content\/uploads\/2011\/09\/Rimg0598.jpg?zoom=3&amp;resize=150%2C150&amp;ssl=1 450w\" sizes=\"(max-width: 150px) 100vw, 150px\" \/><\/a><\/p>\n","protected":false},"excerpt":{"rendered":"<p>Beim Partnerschaftstreffen \u201eH\u00fcrth International\u201c spielten die Musikvereinigung TOGIDO Spijkenisse und das Blasorchester der KG Blau-Wei\u00df Fischenich zusammen ein sch\u00f6nes Gemeinschaftskonzert Beim diesj\u00e4hrigen Fest \u201eH\u00fcrth International\u201c im Rahmen eines mehrt\u00e4gigen Europatreffens begegneten sich in H\u00fcrth Offizielle, Vereine und Freunde aus den H\u00fcrther Partnerst\u00e4dten Thetford (England), Spijkenisse (Niederlande), Argel\u00e9s-sur- Mer (Frankreich), Kabernet (Kenia) und Skawina (Polen) sowie [&hellip;]<\/p>\n","protected":false},"author":2,"featured_media":0,"comment_status":"open","ping_status":"open","sticky":false,"template":"","format":"standard","meta":{"ngg_post_thumbnail":0,"_jetpack_newsletter_access":"","_jetpack_dont_email_post_to_subs":false,"_jetpack_newsletter_tier_id":0,"_jetpack_memberships_contains_paywalled_content":false,"_jetpack_memberships_contains_paid_content":false,"footnotes":"","_links_to":"","_links_to_target":""},"categories":[6],"tags":[126,51],"class_list":["post-1544","post","type-post","status-publish","format-standard","hentry","category-blasorchester","tag-blasorchester","tag-konzert"],"featured_image_urls":{"full":"","thumbnail":"","medium":"","medium_large":"","large":"","1536x1536":"","2048x2048":""},"author_info":{"info":["Webmaster"]},"category_info":"<a href=\"https:\/\/www.blau-weiss-fischenich.de\/?cat=6\" rel=\"category\">Blasorchester<\/a>","tag_info":"Blasorchester","comment_count":"0","jetpack_featured_media_url":"","jetpack_sharing_enabled":true,"jetpack_shortlink":"https:\/\/wp.me\/p787HS-oU","publishpress_future_action":{"enabled":false,"date":"2026-05-09 00:48:12","action":"change-status","newStatus":"draft","terms":[],"taxonomy":"category","extraData":[]},"publishpress_future_workflow_manual_trigger":{"enabledWorkflows":[]},"_links":{"self":[{"href":"https:\/\/www.blau-weiss-fischenich.de\/index.php?rest_route=\/wp\/v2\/posts\/1544","targetHints":{"allow":["GET"]}}],"collection":[{"href":"https:\/\/www.blau-weiss-fischenich.de\/index.php?rest_route=\/wp\/v2\/posts"}],"about":[{"href":"https:\/\/www.blau-weiss-fischenich.de\/index.php?rest_route=\/wp\/v2\/types\/post"}],"author":[{"embeddable":true,"href":"https:\/\/www.blau-weiss-fischenich.de\/index.php?rest_route=\/wp\/v2\/users\/2"}],"replies":[{"embeddable":true,"href":"https:\/\/www.blau-weiss-fischenich.de\/index.php?rest_route=%2Fwp%2Fv2%2Fcomments&post=1544"}],"version-history":[{"count":0,"href":"https:\/\/www.blau-weiss-fischenich.de\/index.php?rest_route=\/wp\/v2\/posts\/1544\/revisions"}],"wp:attachment":[{"href":"https:\/\/www.blau-weiss-fischenich.de\/index.php?rest_route=%2Fwp%2Fv2%2Fmedia&parent=1544"}],"wp:term":[{"taxonomy":"category","embeddable":true,"href":"https:\/\/www.blau-weiss-fischenich.de\/index.php?rest_route=%2Fwp%2Fv2%2Fcategories&post=1544"},{"taxonomy":"post_tag","embeddable":true,"href":"https:\/\/www.blau-weiss-fischenich.de\/index.php?rest_route=%2Fwp%2Fv2%2Ftags&post=1544"}],"curies":[{"name":"wp","href":"https:\/\/api.w.org\/{rel}","templated":true}]}}