{"id":1637,"date":"2011-11-28T11:39:16","date_gmt":"2011-11-28T10:39:16","guid":{"rendered":"http:\/\/www.blau-weiss-fischenich.de\/?p=1637"},"modified":"2011-12-09T21:09:11","modified_gmt":"2011-12-09T20:09:11","slug":"ohne-fleis-kein-preis-probenwochenende-in-morsbach","status":"publish","type":"post","link":"https:\/\/www.blau-weiss-fischenich.de\/?p=1637","title":{"rendered":"Ohne Flei\u00df kein Preis &#8211; Probenwochenende in Morsbach"},"content":{"rendered":"<div id=\"attachment_1647\" style=\"width: 310px\" class=\"wp-caption alignleft\"><a href=\"https:\/\/i0.wp.com\/www.blau-weiss-fischenich.de\/wp-content\/uploads\/2011\/11\/RIMG12222.jpg\"><img data-recalc-dims=\"1\" fetchpriority=\"high\" decoding=\"async\" aria-describedby=\"caption-attachment-1647\" class=\"size-medium wp-image-1647\" title=\"Exif_JPEG_PICTURE\" src=\"https:\/\/i0.wp.com\/www.blau-weiss-fischenich.de\/wp-content\/uploads\/2011\/11\/RIMG12222-300x224.jpg?resize=300%2C224\" alt=\"\" width=\"300\" height=\"224\" srcset=\"https:\/\/i0.wp.com\/www.blau-weiss-fischenich.de\/wp-content\/uploads\/2011\/11\/RIMG12222.jpg?resize=300%2C224&amp;ssl=1 300w, https:\/\/i0.wp.com\/www.blau-weiss-fischenich.de\/wp-content\/uploads\/2011\/11\/RIMG12222.jpg?resize=1024%2C767&amp;ssl=1 1024w, https:\/\/i0.wp.com\/www.blau-weiss-fischenich.de\/wp-content\/uploads\/2011\/11\/RIMG12222.jpg?w=2000&amp;ssl=1 2000w\" sizes=\"(max-width: 300px) 100vw, 300px\" \/><\/a><p id=\"caption-attachment-1647\" class=\"wp-caption-text\">Die Jugendherberge Morsbach im Naturpark Bergisches Land, zwischen Gummersbach und Siegen.<\/p><\/div>\n<p>Das Blasorchester unserer KG probte in diesem Jahr f\u00fcr das Weihnachtskonzert am 4. Adventsonntag in der Kirche St. Martinus, Fischenich, ein ganzes Wochenende lang erstmals in der Jugendherberge Morsbach im Oberbergischen. Es begann am Freitagabend nach Anreise, Zimmerbelegung, Betten bauen\u00a0und Abendessen mit einer ersten Gesamtprobe. Auch in diesem Jahr sollen beim Weihnachtskonzert wieder einige neue und stilistisch sehr unterschiedliche weihnachtliche und klassische Titel aus aller Welt aufgef\u00fchrt werden. Das\u00a0klappt in der kurzen Zeitspanne zwischen dem Elften im Elften bis zum 4. Advent nur mit sehr intensiven Proben.<!--more--><\/p>\n<p>Samstags gab es am Vor- und Nachmittag Registerproben. Dozenten waren Christoph Schmitz (Fl\u00f6ten), Henry Paulus (Klarinetten), Monika Leufgen (Saxophone), Martin Golle (Trompeten), Reimund Berg (Posaunen, Waldhorn, Tenorh\u00f6rner und Bariton), Matthias Rinsche (Tuba, E-Bass) sowie Marco M\u00fcller (Schlagzeug, Gro\u00dfe Trommel, Percussion).\u00a0 Damit aber nicht genug. Nach den anstrengenden Registerproben gab es noch eine l\u00e4ngere Gemeinschaftsprobe unter der Leitung von Gerd Au\u00dfem.<\/p>\n<p><a href=\"https:\/\/i0.wp.com\/www.blau-weiss-fischenich.de\/wp-content\/uploads\/2011\/11\/RIMG1204.jpg\"><img data-recalc-dims=\"1\" decoding=\"async\" class=\"alignleft size-thumbnail wp-image-1640\" title=\"Exif_JPEG_PICTURE\" src=\"https:\/\/i0.wp.com\/www.blau-weiss-fischenich.de\/wp-content\/uploads\/2011\/11\/RIMG1204-150x150.jpg?resize=128%2C150\" alt=\"\" width=\"128\" height=\"150\" \/><\/a><a href=\"https:\/\/i0.wp.com\/www.blau-weiss-fischenich.de\/wp-content\/uploads\/2011\/11\/RIMG1207.jpg\"><img data-recalc-dims=\"1\" decoding=\"async\" class=\"alignleft size-thumbnail wp-image-1641\" title=\"Exif_JPEG_PICTURE\" src=\"https:\/\/i0.wp.com\/www.blau-weiss-fischenich.de\/wp-content\/uploads\/2011\/11\/RIMG1207-150x150.jpg?resize=150%2C150\" alt=\"\" width=\"150\" height=\"150\" srcset=\"https:\/\/i0.wp.com\/www.blau-weiss-fischenich.de\/wp-content\/uploads\/2011\/11\/RIMG1207.jpg?resize=150%2C150&amp;ssl=1 150w, https:\/\/i0.wp.com\/www.blau-weiss-fischenich.de\/wp-content\/uploads\/2011\/11\/RIMG1207.jpg?zoom=2&amp;resize=150%2C150&amp;ssl=1 300w, https:\/\/i0.wp.com\/www.blau-weiss-fischenich.de\/wp-content\/uploads\/2011\/11\/RIMG1207.jpg?zoom=3&amp;resize=150%2C150&amp;ssl=1 450w\" sizes=\"(max-width: 150px) 100vw, 150px\" \/><\/a><a href=\"https:\/\/i0.wp.com\/www.blau-weiss-fischenich.de\/wp-content\/uploads\/2011\/11\/RIMG1210.jpg\"><img data-recalc-dims=\"1\" loading=\"lazy\" decoding=\"async\" class=\"alignleft size-thumbnail wp-image-1642\" title=\"Exif_JPEG_PICTURE\" src=\"https:\/\/i0.wp.com\/www.blau-weiss-fischenich.de\/wp-content\/uploads\/2011\/11\/RIMG1210-150x150.jpg?resize=150%2C150\" alt=\"\" width=\"150\" height=\"150\" srcset=\"https:\/\/i0.wp.com\/www.blau-weiss-fischenich.de\/wp-content\/uploads\/2011\/11\/RIMG1210.jpg?resize=150%2C150&amp;ssl=1 150w, https:\/\/i0.wp.com\/www.blau-weiss-fischenich.de\/wp-content\/uploads\/2011\/11\/RIMG1210.jpg?zoom=2&amp;resize=150%2C150&amp;ssl=1 300w, https:\/\/i0.wp.com\/www.blau-weiss-fischenich.de\/wp-content\/uploads\/2011\/11\/RIMG1210.jpg?zoom=3&amp;resize=150%2C150&amp;ssl=1 450w\" sizes=\"(max-width: 150px) 100vw, 150px\" \/><\/a><a href=\"https:\/\/i0.wp.com\/www.blau-weiss-fischenich.de\/wp-content\/uploads\/2011\/11\/RIMG1212.jpg\"><img data-recalc-dims=\"1\" loading=\"lazy\" decoding=\"async\" class=\"alignleft size-thumbnail wp-image-1643\" title=\"Exif_JPEG_PICTURE\" src=\"https:\/\/i0.wp.com\/www.blau-weiss-fischenich.de\/wp-content\/uploads\/2011\/11\/RIMG1212-150x150.jpg?resize=146%2C150\" alt=\"\" width=\"146\" height=\"150\" \/><\/a><\/p>\n<p>&nbsp;<\/p>\n<p>&nbsp;<\/p>\n<p>&nbsp;<\/p>\n<p>&nbsp;<\/p>\n<p>&nbsp;<\/p>\n<p>&nbsp;<\/p>\n<p>Der Abend klang feucht-fr\u00f6hlich aus mitten im historischen Ortskern von Morsbach in der Kneipe\u00a0 mit dem merkw\u00fcrdigen Namen\u00a0&#8220;Zur Republik&#8221;. Die sehr urige und gem\u00fctliche Gastst\u00e4tte hei\u00dft so seit 1986, also seit \u00fcber einem Vierteljahrhundert. Der Wirt, genannt &#8220;Knoorz&#8221;, war ein (gewollt) b\u00e4rbei\u00dfiges und eher wortkarges Unikum mit einem sehr speziellen Humor &#8211; zur Freude des Blasorchesters.<\/p>\n<div class=\"mceTemp\">\n<dl id=\"attachment_1648\" class=\"wp-caption alignleft\" style=\"width: 160px;\">\n<dt class=\"wp-caption-dt\"><a href=\"https:\/\/i0.wp.com\/www.blau-weiss-fischenich.de\/wp-content\/uploads\/2011\/11\/RIMG1191.jpg\"><img data-recalc-dims=\"1\" loading=\"lazy\" decoding=\"async\" class=\"size-thumbnail wp-image-1648\" title=\"Exif_JPEG_PICTURE\" src=\"https:\/\/i0.wp.com\/www.blau-weiss-fischenich.de\/wp-content\/uploads\/2011\/11\/RIMG1191-150x150.jpg?resize=150%2C150\" alt=\"\" width=\"150\" height=\"150\" srcset=\"https:\/\/i0.wp.com\/www.blau-weiss-fischenich.de\/wp-content\/uploads\/2011\/11\/RIMG1191.jpg?resize=150%2C150&amp;ssl=1 150w, https:\/\/i0.wp.com\/www.blau-weiss-fischenich.de\/wp-content\/uploads\/2011\/11\/RIMG1191.jpg?zoom=2&amp;resize=150%2C150&amp;ssl=1 300w, https:\/\/i0.wp.com\/www.blau-weiss-fischenich.de\/wp-content\/uploads\/2011\/11\/RIMG1191.jpg?zoom=3&amp;resize=150%2C150&amp;ssl=1 450w\" sizes=\"(max-width: 150px) 100vw, 150px\" \/><\/a><\/dt>\n<\/dl>\n<\/div>\n<div class=\"mceTemp\">\n<div class=\"mceTemp\">\n<div class=\"mceTemp\">\n<p>Am Sonntagvormittag gab es wieder eine Gesamtprobe. Vieles klappte schon recht ordentlich, aber jede Musikerin und jeder Musiker wei\u00df genau, an welchen Stellen es leider noch hapert und woran bis zum Weihnachtskonzert noch flei\u00dfig geprobt und gearbeitet werden muss.<\/p>\n<p>Nach dem Mittagessen hie\u00df es &#8211; soweit nicht schon am Morgen erledigt &#8211; Koffer packen, Bettw\u00e4sche abziehen, Zimmer r\u00e4umen und dann kam auch schon der Bus. Ein ganz gro\u00dfes Lob geh\u00f6rt den beiden Organisatoren dieses Probenwochenendes, Karin Peters und Michael Krips, aber auch unserem Musikalischen Leiter Gerd Au\u00dfem, der die Dozenten angeheuert und die Gemeinschaftsproben stets gut gelaunt und sehr engagiert geleitet hat sowie unserem flei\u00dfigen Notenwart Franz Josef K\u00fcster.<\/p>\n<\/div>\n<\/div>\n<\/div>\n","protected":false},"excerpt":{"rendered":"<p>Das Blasorchester unserer KG probte in diesem Jahr f\u00fcr das Weihnachtskonzert am 4. Adventsonntag in der Kirche St. Martinus, Fischenich, ein ganzes Wochenende lang erstmals in der Jugendherberge Morsbach im Oberbergischen. Es begann am Freitagabend nach Anreise, Zimmerbelegung, Betten bauen\u00a0und Abendessen mit einer ersten Gesamtprobe. Auch in diesem Jahr sollen beim Weihnachtskonzert wieder einige neue [&hellip;]<\/p>\n","protected":false},"author":2,"featured_media":0,"comment_status":"open","ping_status":"open","sticky":false,"template":"","format":"standard","meta":{"ngg_post_thumbnail":0,"_jetpack_newsletter_access":"","_jetpack_dont_email_post_to_subs":false,"_jetpack_newsletter_tier_id":0,"_jetpack_memberships_contains_paywalled_content":false,"_jetpack_memberships_contains_paid_content":false,"footnotes":"","_links_to":"","_links_to_target":""},"categories":[1,6],"tags":[126],"class_list":["post-1637","post","type-post","status-publish","format-standard","hentry","category-allgemein","category-blasorchester","tag-blasorchester"],"featured_image_urls":{"full":"","thumbnail":"","medium":"","medium_large":"","large":"","1536x1536":"","2048x2048":""},"author_info":{"info":["Webmaster"]},"category_info":"<a href=\"https:\/\/www.blau-weiss-fischenich.de\/?cat=1\" rel=\"category\">Allgemein<\/a> <a href=\"https:\/\/www.blau-weiss-fischenich.de\/?cat=6\" rel=\"category\">Blasorchester<\/a>","tag_info":"Blasorchester","comment_count":"0","jetpack_featured_media_url":"","jetpack_sharing_enabled":true,"jetpack_shortlink":"https:\/\/wp.me\/p787HS-qp","publishpress_future_action":{"enabled":false,"date":"2026-05-08 23:27:26","action":"change-status","newStatus":"draft","terms":[],"taxonomy":"category","extraData":[]},"publishpress_future_workflow_manual_trigger":{"enabledWorkflows":[]},"_links":{"self":[{"href":"https:\/\/www.blau-weiss-fischenich.de\/index.php?rest_route=\/wp\/v2\/posts\/1637","targetHints":{"allow":["GET"]}}],"collection":[{"href":"https:\/\/www.blau-weiss-fischenich.de\/index.php?rest_route=\/wp\/v2\/posts"}],"about":[{"href":"https:\/\/www.blau-weiss-fischenich.de\/index.php?rest_route=\/wp\/v2\/types\/post"}],"author":[{"embeddable":true,"href":"https:\/\/www.blau-weiss-fischenich.de\/index.php?rest_route=\/wp\/v2\/users\/2"}],"replies":[{"embeddable":true,"href":"https:\/\/www.blau-weiss-fischenich.de\/index.php?rest_route=%2Fwp%2Fv2%2Fcomments&post=1637"}],"version-history":[{"count":0,"href":"https:\/\/www.blau-weiss-fischenich.de\/index.php?rest_route=\/wp\/v2\/posts\/1637\/revisions"}],"wp:attachment":[{"href":"https:\/\/www.blau-weiss-fischenich.de\/index.php?rest_route=%2Fwp%2Fv2%2Fmedia&parent=1637"}],"wp:term":[{"taxonomy":"category","embeddable":true,"href":"https:\/\/www.blau-weiss-fischenich.de\/index.php?rest_route=%2Fwp%2Fv2%2Fcategories&post=1637"},{"taxonomy":"post_tag","embeddable":true,"href":"https:\/\/www.blau-weiss-fischenich.de\/index.php?rest_route=%2Fwp%2Fv2%2Ftags&post=1637"}],"curies":[{"name":"wp","href":"https:\/\/api.w.org\/{rel}","templated":true}]}}