{"id":1712,"date":"2011-12-05T11:49:30","date_gmt":"2011-12-05T10:49:30","guid":{"rendered":"http:\/\/www.blau-weiss-fischenich.de\/?p=1712"},"modified":"2011-12-09T21:14:25","modified_gmt":"2011-12-09T20:14:25","slug":"familienabend-wenn-der-vater-mit-der-tochter","status":"publish","type":"post","link":"https:\/\/www.blau-weiss-fischenich.de\/?p=1712","title":{"rendered":"Familienabend &#8211; Wenn der Vater mit der Tochter&#8230;"},"content":{"rendered":"<p>Einmal in anderen Rollen als gewohnt zeigten sich die T\u00e4nzer, Musikanten und Senatoren der KG Blau-Wei\u00df Fischenich mit ihren selbst gestalteten und lustigen Dar\u00adbietungen beim \u201eFamilienabend\u201c im gro\u00dfen Saal des Fischenicher Hofes, dem fr\u00fcheren \u201eSaal H\u00fclsen\u00adbusch\u201c. Den ersten Preis bei der Tombola, einen Alpenrundflug mit Air Tyrol, gewann Daniela Bollenbeck.<\/p>\n<p><a href=\"https:\/\/i0.wp.com\/www.blau-weiss-fischenich.de\/wp-content\/uploads\/2011\/12\/IMG_5380a1.jpg\"><img data-recalc-dims=\"1\" fetchpriority=\"high\" decoding=\"async\" class=\"alignleft size-medium wp-image-1725\" style=\"margin-right: 5px;\" title=\"IMG_5380a\" src=\"https:\/\/i0.wp.com\/www.blau-weiss-fischenich.de\/wp-content\/uploads\/2011\/12\/IMG_5380a1-300x199.jpg?resize=300%2C199\" alt=\"\" width=\"300\" height=\"199\" srcset=\"https:\/\/i0.wp.com\/www.blau-weiss-fischenich.de\/wp-content\/uploads\/2011\/12\/IMG_5380a1.jpg?resize=300%2C199&amp;ssl=1 300w, https:\/\/i0.wp.com\/www.blau-weiss-fischenich.de\/wp-content\/uploads\/2011\/12\/IMG_5380a1.jpg?resize=1024%2C679&amp;ssl=1 1024w, https:\/\/i0.wp.com\/www.blau-weiss-fischenich.de\/wp-content\/uploads\/2011\/12\/IMG_5380a1.jpg?w=1655&amp;ssl=1 1655w\" sizes=\"(max-width: 300px) 100vw, 300px\" \/><\/a>An diesem Abend erhielten f\u00fcr ihre 50-j\u00e4hrige Mitgliedschaft Franz Au\u00dfem, Fritz Meller und Heinz-Peter Breuer vom<br \/>\n1. Vorsitzenden Helmut Zopes Urkunden und Nadeln. Franz Au\u00dfem hatte vor 50 Jahren als Fanfarenbl\u00e4ser begonnen. Ab 1973 formte er hieraus das heutige gro\u00dfe Blasorchester der Fischenicher Blau-Wei\u00dfen mit seinem umfangreichen und vielseitigen Repertoire und leitete es 29 Jahre lang. Heute spielt er dort Waldhorn und arrangiert immer noch flei\u00dfig Musik\u00adst\u00fccke f\u00fcr Karneval oder Weihnachten sowie Begleit-Potpourris f\u00fcr Tanzgruppen und vieles mehr. Fritz Meller war lange Jahre im Fanfarencorps und anschlie\u00dfend im Blasorchester aktiv, bis er in den Senat wechselte und dort das Amt des Senats\u00adsprechers bekleidete. Der Dritte im Bunde, Heinz-Peter Breuer, begann ebenfalls im Fanfarencorps, wechselte dann auch in den Senat und war einige Jahre Senatspr\u00e4sident. Aus beruflichen Gr\u00fcnden musste er sich vom Senat beur\u00adlauben lassen.<!--more--><\/p>\n<p><a href=\"https:\/\/i0.wp.com\/www.blau-weiss-fischenich.de\/wp-content\/uploads\/2011\/12\/IMG_53483.jpg\"><img data-recalc-dims=\"1\" decoding=\"async\" class=\"alignleft size-medium wp-image-1727\" style=\"margin-right: 5px;\" title=\"IMG_5348\" src=\"https:\/\/i0.wp.com\/www.blau-weiss-fischenich.de\/wp-content\/uploads\/2011\/12\/IMG_53483-300x196.jpg?resize=300%2C196\" alt=\"\" width=\"300\" height=\"196\" srcset=\"https:\/\/i0.wp.com\/www.blau-weiss-fischenich.de\/wp-content\/uploads\/2011\/12\/IMG_53483.jpg?resize=300%2C196&amp;ssl=1 300w, https:\/\/i0.wp.com\/www.blau-weiss-fischenich.de\/wp-content\/uploads\/2011\/12\/IMG_53483.jpg?resize=1024%2C669&amp;ssl=1 1024w, https:\/\/i0.wp.com\/www.blau-weiss-fischenich.de\/wp-content\/uploads\/2011\/12\/IMG_53483.jpg?w=2000&amp;ssl=1 2000w, https:\/\/i0.wp.com\/www.blau-weiss-fischenich.de\/wp-content\/uploads\/2011\/12\/IMG_53483.jpg?w=3000&amp;ssl=1 3000w\" sizes=\"(max-width: 300px) 100vw, 300px\" \/><\/a>F\u00fcr 40-j\u00e4hrige Mitgliedschaft wurden Hans Emil Theisen, sowie Heinz Moritz, Hans Schulz, Wilfried Meyer und Peter<br \/>\nL\u00f6he ausgezeichnet. Seit 25 Jahren sind Alexander Thomas und Hans Martin Krohm Mitglieder bei den Fischenicher Blau-Wei\u00dfen und erhielten ebenfalls Urkunden und Nadeln.<\/p>\n<p>Durch den Familienabend f\u00fchrte als Moderator gut gelaunt Johannes Au\u00dfem. Das Duo \u201cTOP GUN\u201d sorgte zwischen den selbstgestalteten Einlagen f\u00fcr die Tanzmusik. Die Senatoren gl\u00e4nzen als S\u00e4nger mit einem gro\u00dfen Rhein- und Weinlieder-Potpourri mit bondgelockter Loreley (Dirk Ruth), Vater Rhein (als Gast Aaron Hertel) und Vors\u00e4nger Josef Au\u00dfem.<\/p>\n<p><a href=\"https:\/\/i0.wp.com\/www.blau-weiss-fischenich.de\/wp-content\/uploads\/2011\/12\/RIMG12032.jpg\"><img data-recalc-dims=\"1\" decoding=\"async\" class=\"alignleft size-thumbnail wp-image-1728\" title=\"Exif_JPEG_PICTURE\" src=\"https:\/\/i0.wp.com\/www.blau-weiss-fischenich.de\/wp-content\/uploads\/2011\/12\/RIMG12032-150x150.jpg?resize=150%2C150\" alt=\"\" width=\"150\" height=\"150\" srcset=\"https:\/\/i0.wp.com\/www.blau-weiss-fischenich.de\/wp-content\/uploads\/2011\/12\/RIMG12032.jpg?resize=150%2C150&amp;ssl=1 150w, https:\/\/i0.wp.com\/www.blau-weiss-fischenich.de\/wp-content\/uploads\/2011\/12\/RIMG12032.jpg?zoom=2&amp;resize=150%2C150&amp;ssl=1 300w, https:\/\/i0.wp.com\/www.blau-weiss-fischenich.de\/wp-content\/uploads\/2011\/12\/RIMG12032.jpg?zoom=3&amp;resize=150%2C150&amp;ssl=1 450w\" sizes=\"(max-width: 150px) 100vw, 150px\" \/><\/a><a href=\"https:\/\/i0.wp.com\/www.blau-weiss-fischenich.de\/wp-content\/uploads\/2011\/12\/IMG_03192.jpg\"><img data-recalc-dims=\"1\" loading=\"lazy\" decoding=\"async\" class=\"alignleft size-thumbnail wp-image-1729\" style=\"margin-right: 5px;\" title=\"IMG_0319\" src=\"https:\/\/i0.wp.com\/www.blau-weiss-fischenich.de\/wp-content\/uploads\/2011\/12\/IMG_03192-150x150.jpg?resize=150%2C150\" alt=\"\" width=\"150\" height=\"150\" srcset=\"https:\/\/i0.wp.com\/www.blau-weiss-fischenich.de\/wp-content\/uploads\/2011\/12\/IMG_03192.jpg?resize=150%2C150&amp;ssl=1 150w, https:\/\/i0.wp.com\/www.blau-weiss-fischenich.de\/wp-content\/uploads\/2011\/12\/IMG_03192.jpg?zoom=2&amp;resize=150%2C150&amp;ssl=1 300w, https:\/\/i0.wp.com\/www.blau-weiss-fischenich.de\/wp-content\/uploads\/2011\/12\/IMG_03192.jpg?zoom=3&amp;resize=150%2C150&amp;ssl=1 450w\" sizes=\"(max-width: 150px) 100vw, 150px\" \/><\/a>Das Blasorchester brachte zwei sehr komische Sketche auf die B\u00fchnenbretter: Zum einen eine typische Szene zwischen einem gestressten Vater (Gerd Au\u00dfem) und seiner nervigen Tochter, gespielt von Lina Au\u00dfem, auch im wahren Leben seine Tochter. Im zweiten Sketch schl\u00fcpften die Musiker des Blasorchesters in die Rolle von Konzertbesuchern beim Weihnachtskonzert, w\u00e4hrend das Publikum das Orchester darstellte. Ein \u00fcberaus prolliges Besucherpaar (umwerfend komisch Hermann-Josef Klatte und Steffi Dott) st\u00f6rte erfolgreich ein ebenso vornehmes wie hochn\u00e4siges Paar (Lara Sch\u00fcller und Michael Krips), um schluss\u00adendlich deren Pl\u00e4tze ein\u00adzunehmen, w\u00e4hrend die vornehmen Besucher, obwohl unschuldig und die Welt nicht mehr verstehend, das Konzert vorzeitig verlassen mussten. Die G\u00e4ste auf dem Familienabend am\u00fcsierten sich bei beiden Sketchen k\u00f6niglich.<\/p>\n<p><a href=\"https:\/\/i0.wp.com\/www.blau-weiss-fischenich.de\/wp-content\/uploads\/2011\/12\/IMG_5409.jpg\"><img data-recalc-dims=\"1\" loading=\"lazy\" decoding=\"async\" class=\"alignleft size-thumbnail wp-image-1730\" style=\"margin-right: 5px;\" title=\"IMG_5409\" src=\"https:\/\/i0.wp.com\/www.blau-weiss-fischenich.de\/wp-content\/uploads\/2011\/12\/IMG_5409-150x150.jpg?resize=150%2C150\" alt=\"\" width=\"150\" height=\"150\" srcset=\"https:\/\/i0.wp.com\/www.blau-weiss-fischenich.de\/wp-content\/uploads\/2011\/12\/IMG_5409.jpg?resize=150%2C150&amp;ssl=1 150w, https:\/\/i0.wp.com\/www.blau-weiss-fischenich.de\/wp-content\/uploads\/2011\/12\/IMG_5409.jpg?zoom=2&amp;resize=150%2C150&amp;ssl=1 300w, https:\/\/i0.wp.com\/www.blau-weiss-fischenich.de\/wp-content\/uploads\/2011\/12\/IMG_5409.jpg?zoom=3&amp;resize=150%2C150&amp;ssl=1 450w\" sizes=\"(max-width: 150px) 100vw, 150px\" \/><\/a>Den Reigen der Einlagen hatte das Kinder- und Jugendtanzcorps er\u00f6ffnet. Die Kinder hatten extra f\u00fcr den Familienabend den \u201eFliegertanz\u201c einstudiert und die Jugendlichen pr\u00e4sentierten gekonnt eine Hip-Hop-Performance, Ergeb\u00adnis eines Hip-Hop-Workshops im Sommer bei einer Br\u00fchler Tanzschule. \u201eAb in S\u00fcden\u201c hie\u00df es, als das Tanzcorps einen Tag rund um den Pool eines Urlaubshotels vom Streit um reservierte Strandliegen, einen nervigen Fotografen Wasser\u00adgymnastik und bis zur abendlichen Animation persiflierte.<\/p>\n<p>Eine besondere \u00dcberraschung hatte sich der Jugendvorstand ausgedacht. Unter dem Motto \u201eVielen Dank f\u00fcr die Blumen\u201c bedankte sich Vorsitzender Aaron Hertel bei vielen Leuten, die dem Jugendvorstand bei ihrer Nachwuchsarbeit das ganze Jahr \u00fcber auf vielf\u00e4ltige Weise unterst\u00fctzt und tatkr\u00e4ftig geholfen hatten, mit jeweils passenden Musiktiteln und \u2013 wie konnte es anders sein \u2013 Blumen.<\/p>\n<p>Aaron Hertel oblag es auch, die Sieger beim Luftballonwettwerb, der beim Musikfest gestartet worden war, zu ehren. Der 1. Preis ging an Joshua Hoffmann (7 Jahre, Fundort Kierspe, 84,9 km). Der 2. Preis ging an Katja Sauer (9 Jahre, Fundort Lindlar, 48,9 km) und der 3. Preis an Emilia Sch\u00fcller (2 Jahre, Fundort Seelscheid, 42,7 km).\u00a0 Einen Sonderpreis (Herzpreis) erhielt Charlotte Willerscheid (8 Jahre, Fundort Bergisch Gladbach, 32,9 km). Ihr Ballon landete bei Herrn Dr\u00fccker, der die Antwortkarte mit der Erkl\u00e4rung zur\u00fcck sandte, dass seine leider bereits verstorbene Frau genau so hie\u00df wie die Absenderin, n\u00e4mlich Charlotte.<\/p>\n<p>F\u00fcr alle vier Sieger gab jeweils einen tollen Kinderpokal sowie Gutscheine (UCI-Kinowelt, H\u00fcrth-Park-Gutschein, Familienbad De B\u00fctt sowie ein Gesellschasftsspiel).<\/p>\n<p>&nbsp;<\/p>\n<p>&nbsp;<\/p>\n","protected":false},"excerpt":{"rendered":"<p>Einmal in anderen Rollen als gewohnt zeigten sich die T\u00e4nzer, Musikanten und Senatoren der KG Blau-Wei\u00df Fischenich mit ihren selbst gestalteten und lustigen Dar\u00adbietungen beim \u201eFamilienabend\u201c im gro\u00dfen Saal des Fischenicher Hofes, dem fr\u00fcheren \u201eSaal H\u00fclsen\u00adbusch\u201c. Den ersten Preis bei der Tombola, einen Alpenrundflug mit Air Tyrol, gewann Daniela Bollenbeck. An diesem Abend erhielten f\u00fcr [&hellip;]<\/p>\n","protected":false},"author":2,"featured_media":0,"comment_status":"open","ping_status":"open","sticky":false,"template":"","format":"standard","meta":{"ngg_post_thumbnail":0,"_jetpack_newsletter_access":"","_jetpack_dont_email_post_to_subs":false,"_jetpack_newsletter_tier_id":0,"_jetpack_memberships_contains_paywalled_content":false,"_jetpack_memberships_contains_paid_content":false,"footnotes":"","_links_to":"","_links_to_target":""},"categories":[1],"tags":[27],"class_list":["post-1712","post","type-post","status-publish","format-standard","hentry","category-allgemein","tag-familienabend"],"featured_image_urls":{"full":"","thumbnail":"","medium":"","medium_large":"","large":"","1536x1536":"","2048x2048":""},"author_info":{"info":["Webmaster"]},"category_info":"<a href=\"https:\/\/www.blau-weiss-fischenich.de\/?cat=1\" rel=\"category\">Allgemein<\/a>","tag_info":"Allgemein","comment_count":"0","jetpack_featured_media_url":"","jetpack_sharing_enabled":true,"jetpack_shortlink":"https:\/\/wp.me\/p787HS-rC","publishpress_future_action":{"enabled":false,"date":"2026-05-08 23:27:35","action":"change-status","newStatus":"draft","terms":[],"taxonomy":"category","extraData":[]},"publishpress_future_workflow_manual_trigger":{"enabledWorkflows":[]},"_links":{"self":[{"href":"https:\/\/www.blau-weiss-fischenich.de\/index.php?rest_route=\/wp\/v2\/posts\/1712","targetHints":{"allow":["GET"]}}],"collection":[{"href":"https:\/\/www.blau-weiss-fischenich.de\/index.php?rest_route=\/wp\/v2\/posts"}],"about":[{"href":"https:\/\/www.blau-weiss-fischenich.de\/index.php?rest_route=\/wp\/v2\/types\/post"}],"author":[{"embeddable":true,"href":"https:\/\/www.blau-weiss-fischenich.de\/index.php?rest_route=\/wp\/v2\/users\/2"}],"replies":[{"embeddable":true,"href":"https:\/\/www.blau-weiss-fischenich.de\/index.php?rest_route=%2Fwp%2Fv2%2Fcomments&post=1712"}],"version-history":[{"count":0,"href":"https:\/\/www.blau-weiss-fischenich.de\/index.php?rest_route=\/wp\/v2\/posts\/1712\/revisions"}],"wp:attachment":[{"href":"https:\/\/www.blau-weiss-fischenich.de\/index.php?rest_route=%2Fwp%2Fv2%2Fmedia&parent=1712"}],"wp:term":[{"taxonomy":"category","embeddable":true,"href":"https:\/\/www.blau-weiss-fischenich.de\/index.php?rest_route=%2Fwp%2Fv2%2Fcategories&post=1712"},{"taxonomy":"post_tag","embeddable":true,"href":"https:\/\/www.blau-weiss-fischenich.de\/index.php?rest_route=%2Fwp%2Fv2%2Ftags&post=1712"}],"curies":[{"name":"wp","href":"https:\/\/api.w.org\/{rel}","templated":true}]}}