{"id":1785,"date":"2011-12-09T21:04:55","date_gmt":"2011-12-09T20:04:55","guid":{"rendered":"http:\/\/www.blau-weiss-fischenich.de\/?p=1785"},"modified":"2012-06-27T08:39:14","modified_gmt":"2012-06-27T06:39:14","slug":"weihnachtskonzert-18-12-2011","status":"publish","type":"post","link":"https:\/\/www.blau-weiss-fischenich.de\/?p=1785","title":{"rendered":"Weihnachtskonzert 18.12.2011"},"content":{"rendered":"<p><a href=\"https:\/\/i0.wp.com\/www.blau-weiss-fischenich.de\/wp-content\/uploads\/2011\/12\/Weihnachtskonzert.jpg\" target=\"_blank\"><img data-recalc-dims=\"1\" fetchpriority=\"high\" decoding=\"async\" class=\"alignleft size-medium wp-image-1786\" style=\"margin: 5px;\" title=\"Weihnachtskonzert\" src=\"https:\/\/i0.wp.com\/www.blau-weiss-fischenich.de\/wp-content\/uploads\/2011\/12\/Weihnachtskonzert-300x195.jpg?resize=300%2C195\" alt=\"\" width=\"300\" height=\"195\" srcset=\"https:\/\/i0.wp.com\/www.blau-weiss-fischenich.de\/wp-content\/uploads\/2011\/12\/Weihnachtskonzert.jpg?resize=300%2C195&amp;ssl=1 300w, https:\/\/i0.wp.com\/www.blau-weiss-fischenich.de\/wp-content\/uploads\/2011\/12\/Weihnachtskonzert.jpg?w=501&amp;ssl=1 501w\" sizes=\"(max-width: 300px) 100vw, 300px\" \/><\/a>Zum Jahresabschluss werden wir mit dem Weihnachtskonzert am Sonntag, 18.12.2011<br \/>\n(4. Advent) um 17.00 Uhr in der Kirche St. Martinus in Fischenich noch einmal einen<br \/>\nbesonderen H\u00f6hepunkt unserer Vereinsaktivit\u00e4ten pr\u00e4sentieren. Unser Blasorchester hat<br \/>\nunter Leitung von Gerd Au\u00dfem wieder eine abwechslungsreiche und vielseitige Auswahl<br \/>\nan neuen, aber auch einigen traditionellen und immer wieder gern geh\u00f6rten weihnachtlichen Werken, einstudiert. Unsere Konzertbesucher wissen: Die Weihnachtskonzerte <!--more-->mit sch\u00f6ner sinfonischer Blasmusik sind stets \u00fcberraschend und kurzweilig. Lassen Sie sich ein auf eine musikalische Reise durch die vielf\u00e4ltige weihnachtliche Musikliteratur vieler L\u00e4nder.<\/p>\n<p>Der Eintritt ist wie immer frei; \u00fcber eine Spende, die unserer Jugendarbeit zugute kommen soll,<br \/>\nw\u00e4ren wir sehr dankbar.<\/p>\n<p>Nach dem Konzert m\u00f6chten wir gerne mit unseren Mitgliedern, Angeh\u00f6rigen, G\u00e4sten und<br \/>\nFreunden der KG bei Gl\u00fchwein und Geb\u00e4ck einen gem\u00fctlichen vorweihnachtlichen Ausklang<br \/>\nim Martinushaus verbringen.<\/p>\n","protected":false},"excerpt":{"rendered":"<p>Zum Jahresabschluss werden wir mit dem Weihnachtskonzert am Sonntag, 18.12.2011 (4. Advent) um 17.00 Uhr in der Kirche St. Martinus in Fischenich noch einmal einen besonderen H\u00f6hepunkt unserer Vereinsaktivit\u00e4ten pr\u00e4sentieren. Unser Blasorchester hat unter Leitung von Gerd Au\u00dfem wieder eine abwechslungsreiche und vielseitige Auswahl an neuen, aber auch einigen traditionellen und immer wieder gern geh\u00f6rten [&hellip;]<\/p>\n","protected":false},"author":2,"featured_media":0,"comment_status":"open","ping_status":"open","sticky":false,"template":"","format":"standard","meta":{"ngg_post_thumbnail":0,"_jetpack_newsletter_access":"","_jetpack_dont_email_post_to_subs":false,"_jetpack_newsletter_tier_id":0,"_jetpack_memberships_contains_paywalled_content":false,"_jetpack_memberships_contains_paid_content":false,"footnotes":"","_links_to":"","_links_to_target":""},"categories":[1],"tags":[51],"class_list":["post-1785","post","type-post","status-publish","format-standard","hentry","category-allgemein","tag-konzert"],"featured_image_urls":{"full":"","thumbnail":"","medium":"","medium_large":"","large":"","1536x1536":"","2048x2048":""},"author_info":{"info":["Webmaster"]},"category_info":"<a href=\"https:\/\/www.blau-weiss-fischenich.de\/?cat=1\" rel=\"category\">Allgemein<\/a>","tag_info":"Allgemein","comment_count":"0","jetpack_featured_media_url":"","jetpack_sharing_enabled":true,"jetpack_shortlink":"https:\/\/wp.me\/p787HS-sN","publishpress_future_action":{"enabled":false,"date":"2026-05-08 23:29:51","action":"change-status","newStatus":"draft","terms":[],"taxonomy":"category","extraData":[]},"publishpress_future_workflow_manual_trigger":{"enabledWorkflows":[]},"_links":{"self":[{"href":"https:\/\/www.blau-weiss-fischenich.de\/index.php?rest_route=\/wp\/v2\/posts\/1785","targetHints":{"allow":["GET"]}}],"collection":[{"href":"https:\/\/www.blau-weiss-fischenich.de\/index.php?rest_route=\/wp\/v2\/posts"}],"about":[{"href":"https:\/\/www.blau-weiss-fischenich.de\/index.php?rest_route=\/wp\/v2\/types\/post"}],"author":[{"embeddable":true,"href":"https:\/\/www.blau-weiss-fischenich.de\/index.php?rest_route=\/wp\/v2\/users\/2"}],"replies":[{"embeddable":true,"href":"https:\/\/www.blau-weiss-fischenich.de\/index.php?rest_route=%2Fwp%2Fv2%2Fcomments&post=1785"}],"version-history":[{"count":0,"href":"https:\/\/www.blau-weiss-fischenich.de\/index.php?rest_route=\/wp\/v2\/posts\/1785\/revisions"}],"wp:attachment":[{"href":"https:\/\/www.blau-weiss-fischenich.de\/index.php?rest_route=%2Fwp%2Fv2%2Fmedia&parent=1785"}],"wp:term":[{"taxonomy":"category","embeddable":true,"href":"https:\/\/www.blau-weiss-fischenich.de\/index.php?rest_route=%2Fwp%2Fv2%2Fcategories&post=1785"},{"taxonomy":"post_tag","embeddable":true,"href":"https:\/\/www.blau-weiss-fischenich.de\/index.php?rest_route=%2Fwp%2Fv2%2Ftags&post=1785"}],"curies":[{"name":"wp","href":"https:\/\/api.w.org\/{rel}","templated":true}]}}