{"id":1804,"date":"2011-12-13T12:57:51","date_gmt":"2011-12-13T11:57:51","guid":{"rendered":"http:\/\/www.blau-weiss-fischenich.de\/?p=1804"},"modified":"2011-12-14T07:56:49","modified_gmt":"2011-12-14T06:56:49","slug":"die-helfende-hand","status":"publish","type":"post","link":"https:\/\/www.blau-weiss-fischenich.de\/?p=1804","title":{"rendered":"Die helfende Hand&#8230;"},"content":{"rendered":"<p><a href=\"https:\/\/i0.wp.com\/www.blau-weiss-fischenich.de\/wp-content\/uploads\/2011\/12\/Lichtblicke1.jpg\" rel=\"www.lichtblicke.de\" target=\"_blank\"><img data-recalc-dims=\"1\" decoding=\"async\" class=\"alignleft size-full wp-image-1811\" style=\"margin: 5px;\" title=\"Lichtblicke\" src=\"https:\/\/i0.wp.com\/www.blau-weiss-fischenich.de\/wp-content\/uploads\/2011\/12\/Lichtblicke1.jpg?resize=250%2C88\" alt=\"\" width=\"250\" height=\"88\" \/><\/a>Diese wurde auf spontane Art und Weise letzte Woche Freitag vom erweiterten Jugendvorstand unserer Gesellschaft (Aaron Hertel, Oliver Schmitz, Sandra Laupichler, Andreas Rode, Sascha Meerkamp sowie Wendy Renquin) ausgestreckt. Man hatte sich kurzfristig \u00fcberlegt, stellvertretend f\u00fcr die KG Blau-Wei\u00df Fischenich, die Aktion &#8220;Lichtblicke&#8221; von Radio Erft zu unterst\u00fctzen. So griff jeder der hier Erw\u00e4hnten ins Portemonaie und warf 5 Euro in die weihnachtliche Spendenm\u00fctze, um dieses Geld bed\u00fcrftigen Personen in unserer n\u00e4heren Umgebung zu Gute kommen zu lassen.<\/p>\n<p>Radio Erft bedankte sich recht herzlich f\u00fcr die Spende \u00fcber 30 Euro und w\u00fcnschte uns als Gesellschaft eine frohe und besinnliche Weihnachtszeit.<\/p>\n","protected":false},"excerpt":{"rendered":"<p>Diese wurde auf spontane Art und Weise letzte Woche Freitag vom erweiterten Jugendvorstand unserer Gesellschaft (Aaron Hertel, Oliver Schmitz, Sandra Laupichler, Andreas Rode, Sascha Meerkamp sowie Wendy Renquin) ausgestreckt. Man hatte sich kurzfristig \u00fcberlegt, stellvertretend f\u00fcr die KG Blau-Wei\u00df Fischenich, die Aktion &#8220;Lichtblicke&#8221; von Radio Erft zu unterst\u00fctzen. So griff jeder der hier Erw\u00e4hnten ins [&hellip;]<\/p>\n","protected":false},"author":2,"featured_media":0,"comment_status":"open","ping_status":"open","sticky":false,"template":"","format":"standard","meta":{"ngg_post_thumbnail":0,"_jetpack_newsletter_access":"","_jetpack_dont_email_post_to_subs":false,"_jetpack_newsletter_tier_id":0,"_jetpack_memberships_contains_paywalled_content":false,"_jetpack_memberships_contains_paid_content":false,"footnotes":"","_links_to":"","_links_to_target":""},"categories":[1],"tags":[131],"class_list":["post-1804","post","type-post","status-publish","format-standard","hentry","category-allgemein","tag-jugendvorstand"],"featured_image_urls":{"full":"","thumbnail":"","medium":"","medium_large":"","large":"","1536x1536":"","2048x2048":""},"author_info":{"info":["Webmaster"]},"category_info":"<a href=\"https:\/\/www.blau-weiss-fischenich.de\/?cat=1\" rel=\"category\">Allgemein<\/a>","tag_info":"Allgemein","comment_count":"0","jetpack_featured_media_url":"","jetpack_sharing_enabled":true,"jetpack_shortlink":"https:\/\/wp.me\/p787HS-t6","publishpress_future_action":{"enabled":false,"date":"2026-05-08 22:45:54","action":"change-status","newStatus":"draft","terms":[],"taxonomy":"category","extraData":[]},"publishpress_future_workflow_manual_trigger":{"enabledWorkflows":[]},"_links":{"self":[{"href":"https:\/\/www.blau-weiss-fischenich.de\/index.php?rest_route=\/wp\/v2\/posts\/1804","targetHints":{"allow":["GET"]}}],"collection":[{"href":"https:\/\/www.blau-weiss-fischenich.de\/index.php?rest_route=\/wp\/v2\/posts"}],"about":[{"href":"https:\/\/www.blau-weiss-fischenich.de\/index.php?rest_route=\/wp\/v2\/types\/post"}],"author":[{"embeddable":true,"href":"https:\/\/www.blau-weiss-fischenich.de\/index.php?rest_route=\/wp\/v2\/users\/2"}],"replies":[{"embeddable":true,"href":"https:\/\/www.blau-weiss-fischenich.de\/index.php?rest_route=%2Fwp%2Fv2%2Fcomments&post=1804"}],"version-history":[{"count":0,"href":"https:\/\/www.blau-weiss-fischenich.de\/index.php?rest_route=\/wp\/v2\/posts\/1804\/revisions"}],"wp:attachment":[{"href":"https:\/\/www.blau-weiss-fischenich.de\/index.php?rest_route=%2Fwp%2Fv2%2Fmedia&parent=1804"}],"wp:term":[{"taxonomy":"category","embeddable":true,"href":"https:\/\/www.blau-weiss-fischenich.de\/index.php?rest_route=%2Fwp%2Fv2%2Fcategories&post=1804"},{"taxonomy":"post_tag","embeddable":true,"href":"https:\/\/www.blau-weiss-fischenich.de\/index.php?rest_route=%2Fwp%2Fv2%2Ftags&post=1804"}],"curies":[{"name":"wp","href":"https:\/\/api.w.org\/{rel}","templated":true}]}}