{"id":1957,"date":"2012-01-27T12:25:23","date_gmt":"2012-01-27T11:25:23","guid":{"rendered":"http:\/\/www.blau-weiss-fischenich.de\/?p=1957"},"modified":"2012-06-27T08:48:44","modified_gmt":"2012-06-27T06:48:44","slug":"met-pappnas-un-gottvertroue","status":"publish","type":"post","link":"https:\/\/www.blau-weiss-fischenich.de\/?p=1957","title":{"rendered":"Met Pappnas un Gottvertroue"},"content":{"rendered":"<div style=\"color: #000000; font-family: Arial; font-size: 18pt; font-style: normal;\"><span style=\"font-family: Arial; font-size: small;\">Die Kath. Kirchengemeinde l\u00e4dt unter dem Motto &#8220;Met Pappnas un Gottvertroue&#8221; ein zur Messe am Sonntag, 5. Februar, 11 Uhr, Pfarrkirche St. Martinus, H\u00fcrth-Fischenich. Zelebrant ist Pfarrer Reinhold Steinr\u00f6der. Musikalisch gestaltet wird der Gottesdienst mit Liedern und Texten in rheinischer Mundart und op Feschenicher Platt vom Kirchenchor St. C\u00e4cilia Fischenich, Leitung Monika Seidel-Wolpers, Orgel Hans Wolpers, und vom Blasorchester der KG Blau-Wei\u00df Fischenich, Leitung Gerd Au\u00dfem. Besondere G\u00e4ste sind das Fischenicher Dreigestirn mit Prinz Dieter II. (Stemmeler), Bauer Stefan (Meurer) und Jungfrau Laura (Dirk Ruth) mit Gefolge.<\/span><\/div>\n","protected":false},"excerpt":{"rendered":"<p>Die Kath. Kirchengemeinde l\u00e4dt unter dem Motto &#8220;Met Pappnas un Gottvertroue&#8221; ein zur Messe am Sonntag, 5. Februar, 11 Uhr, Pfarrkirche St. Martinus, H\u00fcrth-Fischenich. Zelebrant ist Pfarrer Reinhold Steinr\u00f6der. Musikalisch gestaltet wird der Gottesdienst mit Liedern und Texten in rheinischer Mundart und op Feschenicher Platt vom Kirchenchor St. C\u00e4cilia Fischenich, Leitung Monika Seidel-Wolpers, Orgel Hans [&hellip;]<\/p>\n","protected":false},"author":2,"featured_media":0,"comment_status":"open","ping_status":"open","sticky":false,"template":"","format":"standard","meta":{"ngg_post_thumbnail":0,"_jetpack_newsletter_access":"","_jetpack_dont_email_post_to_subs":false,"_jetpack_newsletter_tier_id":0,"_jetpack_memberships_contains_paywalled_content":false,"_jetpack_memberships_contains_paid_content":false,"footnotes":"","_links_to":"","_links_to_target":""},"categories":[1,6],"tags":[126,79],"class_list":["post-1957","post","type-post","status-publish","format-standard","hentry","category-allgemein","category-blasorchester","tag-blasorchester","tag-ortsverein"],"featured_image_urls":{"full":"","thumbnail":"","medium":"","medium_large":"","large":"","1536x1536":"","2048x2048":""},"author_info":{"info":["Webmaster"]},"category_info":"<a href=\"https:\/\/www.blau-weiss-fischenich.de\/?cat=1\" rel=\"category\">Allgemein<\/a> <a href=\"https:\/\/www.blau-weiss-fischenich.de\/?cat=6\" rel=\"category\">Blasorchester<\/a>","tag_info":"Blasorchester","comment_count":"0","jetpack_featured_media_url":"","jetpack_sharing_enabled":true,"jetpack_shortlink":"https:\/\/wp.me\/p787HS-vz","publishpress_future_action":{"enabled":false,"date":"2026-05-08 21:57:57","action":"change-status","newStatus":"draft","terms":[],"taxonomy":"category","extraData":[]},"publishpress_future_workflow_manual_trigger":{"enabledWorkflows":[]},"_links":{"self":[{"href":"https:\/\/www.blau-weiss-fischenich.de\/index.php?rest_route=\/wp\/v2\/posts\/1957","targetHints":{"allow":["GET"]}}],"collection":[{"href":"https:\/\/www.blau-weiss-fischenich.de\/index.php?rest_route=\/wp\/v2\/posts"}],"about":[{"href":"https:\/\/www.blau-weiss-fischenich.de\/index.php?rest_route=\/wp\/v2\/types\/post"}],"author":[{"embeddable":true,"href":"https:\/\/www.blau-weiss-fischenich.de\/index.php?rest_route=\/wp\/v2\/users\/2"}],"replies":[{"embeddable":true,"href":"https:\/\/www.blau-weiss-fischenich.de\/index.php?rest_route=%2Fwp%2Fv2%2Fcomments&post=1957"}],"version-history":[{"count":0,"href":"https:\/\/www.blau-weiss-fischenich.de\/index.php?rest_route=\/wp\/v2\/posts\/1957\/revisions"}],"wp:attachment":[{"href":"https:\/\/www.blau-weiss-fischenich.de\/index.php?rest_route=%2Fwp%2Fv2%2Fmedia&parent=1957"}],"wp:term":[{"taxonomy":"category","embeddable":true,"href":"https:\/\/www.blau-weiss-fischenich.de\/index.php?rest_route=%2Fwp%2Fv2%2Fcategories&post=1957"},{"taxonomy":"post_tag","embeddable":true,"href":"https:\/\/www.blau-weiss-fischenich.de\/index.php?rest_route=%2Fwp%2Fv2%2Ftags&post=1957"}],"curies":[{"name":"wp","href":"https:\/\/api.w.org\/{rel}","templated":true}]}}