{"id":2064,"date":"2012-02-11T10:43:21","date_gmt":"2012-02-11T09:43:21","guid":{"rendered":"http:\/\/www.blau-weiss-fischenich.de\/?p=2064"},"modified":"2012-02-11T10:44:14","modified_gmt":"2012-02-11T09:44:14","slug":"irren-ist-menschlich","status":"publish","type":"post","link":"https:\/\/www.blau-weiss-fischenich.de\/?p=2064","title":{"rendered":"Irren ist menschlich&#8230;"},"content":{"rendered":"<p><a href=\"https:\/\/i0.wp.com\/www.blau-weiss-fischenich.de\/wp-content\/uploads\/2012\/02\/Gerd-Aussem-Rahmen.jpg\"><img data-recalc-dims=\"1\" decoding=\"async\" class=\"alignleft size-thumbnail wp-image-2065\" title=\"Gerd Aussem-Rahmen\" src=\"https:\/\/i0.wp.com\/www.blau-weiss-fischenich.de\/wp-content\/uploads\/2012\/02\/Gerd-Aussem-Rahmen-150x150.jpg?resize=150%2C150\" alt=\"\" width=\"150\" height=\"150\" srcset=\"https:\/\/i0.wp.com\/www.blau-weiss-fischenich.de\/wp-content\/uploads\/2012\/02\/Gerd-Aussem-Rahmen.jpg?resize=150%2C150&amp;ssl=1 150w, https:\/\/i0.wp.com\/www.blau-weiss-fischenich.de\/wp-content\/uploads\/2012\/02\/Gerd-Aussem-Rahmen.jpg?zoom=2&amp;resize=150%2C150&amp;ssl=1 300w, https:\/\/i0.wp.com\/www.blau-weiss-fischenich.de\/wp-content\/uploads\/2012\/02\/Gerd-Aussem-Rahmen.jpg?zoom=3&amp;resize=150%2C150&amp;ssl=1 450w\" sizes=\"(max-width: 150px) 100vw, 150px\" \/><\/a>Leider hat in der Husarenpost Nr. 23 der Druckfehlerteufel massiv zugeschlagen. Wer danach Gerd Au\u00dfem am 30.06. zum 50. Geburtstag gratulieren m\u00f6chte, kommt zu fr\u00fch. Tats\u00e4chlich hat unser Dirigent am <strong>10. Juli 2012<\/strong> Geburtstag. Beim \u00fcbertragen der Geburtsdaten in die Husarenpost bin ich versehentlich in die falsche\u00a0Zeile geraten. Sorry, lieber Gerd! Aber Du wei\u00dft ja: Irren ist menschlich &#8211; sagte die Ente, und stieg von der Klob\u00fcrste&#8230;<\/p>\n<p>Helmut<\/p>\n","protected":false},"excerpt":{"rendered":"<p>Leider hat in der Husarenpost Nr. 23 der Druckfehlerteufel massiv zugeschlagen. Wer danach Gerd Au\u00dfem am 30.06. zum 50. Geburtstag gratulieren m\u00f6chte, kommt zu fr\u00fch. Tats\u00e4chlich hat unser Dirigent am 10. Juli 2012 Geburtstag. Beim \u00fcbertragen der Geburtsdaten in die Husarenpost bin ich versehentlich in die falsche\u00a0Zeile geraten. Sorry, lieber Gerd! Aber Du wei\u00dft ja: [&hellip;]<\/p>\n","protected":false},"author":2,"featured_media":0,"comment_status":"open","ping_status":"open","sticky":false,"template":"","format":"standard","meta":{"ngg_post_thumbnail":0,"_jetpack_newsletter_access":"","_jetpack_dont_email_post_to_subs":false,"_jetpack_newsletter_tier_id":0,"_jetpack_memberships_contains_paywalled_content":false,"_jetpack_memberships_contains_paid_content":false,"footnotes":"","_links_to":"","_links_to_target":""},"categories":[1],"tags":[],"class_list":["post-2064","post","type-post","status-publish","format-standard","hentry","category-allgemein"],"featured_image_urls":{"full":"","thumbnail":"","medium":"","medium_large":"","large":"","1536x1536":"","2048x2048":""},"author_info":{"info":["Webmaster"]},"category_info":"<a href=\"https:\/\/www.blau-weiss-fischenich.de\/?cat=1\" rel=\"category\">Allgemein<\/a>","tag_info":"Allgemein","comment_count":"0","jetpack_featured_media_url":"","jetpack_sharing_enabled":true,"jetpack_shortlink":"https:\/\/wp.me\/p787HS-xi","publishpress_future_action":{"enabled":false,"date":"2026-05-08 19:54:22","action":"change-status","newStatus":"draft","terms":[],"taxonomy":"category","extraData":[]},"publishpress_future_workflow_manual_trigger":{"enabledWorkflows":[]},"_links":{"self":[{"href":"https:\/\/www.blau-weiss-fischenich.de\/index.php?rest_route=\/wp\/v2\/posts\/2064","targetHints":{"allow":["GET"]}}],"collection":[{"href":"https:\/\/www.blau-weiss-fischenich.de\/index.php?rest_route=\/wp\/v2\/posts"}],"about":[{"href":"https:\/\/www.blau-weiss-fischenich.de\/index.php?rest_route=\/wp\/v2\/types\/post"}],"author":[{"embeddable":true,"href":"https:\/\/www.blau-weiss-fischenich.de\/index.php?rest_route=\/wp\/v2\/users\/2"}],"replies":[{"embeddable":true,"href":"https:\/\/www.blau-weiss-fischenich.de\/index.php?rest_route=%2Fwp%2Fv2%2Fcomments&post=2064"}],"version-history":[{"count":0,"href":"https:\/\/www.blau-weiss-fischenich.de\/index.php?rest_route=\/wp\/v2\/posts\/2064\/revisions"}],"wp:attachment":[{"href":"https:\/\/www.blau-weiss-fischenich.de\/index.php?rest_route=%2Fwp%2Fv2%2Fmedia&parent=2064"}],"wp:term":[{"taxonomy":"category","embeddable":true,"href":"https:\/\/www.blau-weiss-fischenich.de\/index.php?rest_route=%2Fwp%2Fv2%2Fcategories&post=2064"},{"taxonomy":"post_tag","embeddable":true,"href":"https:\/\/www.blau-weiss-fischenich.de\/index.php?rest_route=%2Fwp%2Fv2%2Ftags&post=2064"}],"curies":[{"name":"wp","href":"https:\/\/api.w.org\/{rel}","templated":true}]}}