{"id":2161,"date":"2012-02-15T14:47:29","date_gmt":"2012-02-15T13:47:29","guid":{"rendered":"http:\/\/www.blau-weiss-fischenich.de\/?p=2161"},"modified":"2012-02-21T07:44:12","modified_gmt":"2012-02-21T06:44:12","slug":"karnevalszug-in-fischenich-19-02-2012","status":"publish","type":"post","link":"https:\/\/www.blau-weiss-fischenich.de\/?p=2161","title":{"rendered":"Karnevalszug in Fischenich &#8211; 19.02.2012"},"content":{"rendered":"<p><span style=\"font-family: arial,helvetica,sans-serif; font-size: small;\"><a href=\"https:\/\/i0.wp.com\/www.blau-weiss-fischenich.de\/wp-content\/uploads\/2012\/02\/Karnevalszug.jpg\" target=\"_blank\"><img data-recalc-dims=\"1\" decoding=\"async\" class=\"alignleft  wp-image-2182\" style=\"margin: 5px;\" title=\"Karnevalszug\" src=\"https:\/\/i0.wp.com\/www.blau-weiss-fischenich.de\/wp-content\/uploads\/2012\/02\/Karnevalszug.jpg?resize=218%2C147\" alt=\"\" width=\"218\" height=\"147\" \/><\/a>Am Sonntag geht er wieder los, der Karnevalszug in Fischenich. Mit tollen Gruppen, gro\u00dfen Wagen, <\/span><span style=\"font-family: arial,helvetica,sans-serif; font-size: small;\">viel Stimmung und Musik zieht der Zug durch Fischenich. Kommt und feiert mit uns Stra\u00dfenkarneval.<\/span><\/p>\n<p><span style=\"font-size: medium;\"><em><strong><span style=\"font-family: arial,helvetica,sans-serif;\">3 mal Fischenich Alaaf!<\/span><\/strong><\/em><\/span><\/p>\n<p><span style=\"font-family: arial,helvetica,sans-serif; font-size: small;\">Die KG Blau Wei\u00df Fischenich w\u00fcnscht alle sch\u00f6ne Karnevalstage.<\/span><\/p>\n<p><a title=\"Zugweg - Karnevalszug in Fischenich\" href=\"http:\/\/www.blau-weiss-fischenich.de\/wp-content\/uploads\/2012\/02\/Karnevalszug-in-Fischenich.pdf\" target=\"_blank\"><span style=\"font-family: arial,helvetica,sans-serif;\">Den Zugweg findet ihr <span style=\"font-size: small;\">hier<\/span>!<\/span><\/a><\/p>\n","protected":false},"excerpt":{"rendered":"<p>Am Sonntag geht er wieder los, der Karnevalszug in Fischenich. Mit tollen Gruppen, gro\u00dfen Wagen, viel Stimmung und Musik zieht der Zug durch Fischenich. Kommt und feiert mit uns Stra\u00dfenkarneval. 3 mal Fischenich Alaaf! Die KG Blau Wei\u00df Fischenich w\u00fcnscht alle sch\u00f6ne Karnevalstage. Den Zugweg findet ihr hier!<\/p>\n","protected":false},"author":2,"featured_media":0,"comment_status":"open","ping_status":"open","sticky":false,"template":"","format":"standard","meta":{"ngg_post_thumbnail":0,"_jetpack_newsletter_access":"","_jetpack_dont_email_post_to_subs":false,"_jetpack_newsletter_tier_id":0,"_jetpack_memberships_contains_paywalled_content":false,"_jetpack_memberships_contains_paid_content":false,"footnotes":"","_links_to":"","_links_to_target":""},"categories":[1],"tags":[60,34],"class_list":["post-2161","post","type-post","status-publish","format-standard","hentry","category-allgemein","tag-allgemeine-news","tag-karneval"],"featured_image_urls":{"full":"","thumbnail":"","medium":"","medium_large":"","large":"","1536x1536":"","2048x2048":""},"author_info":{"info":["Webmaster"]},"category_info":"<a href=\"https:\/\/www.blau-weiss-fischenich.de\/?cat=1\" rel=\"category\">Allgemein<\/a>","tag_info":"Allgemein","comment_count":"0","jetpack_featured_media_url":"","jetpack_sharing_enabled":true,"jetpack_shortlink":"https:\/\/wp.me\/p787HS-yR","publishpress_future_action":{"enabled":false,"date":"2026-05-10 10:18:14","action":"change-status","newStatus":"draft","terms":[],"taxonomy":"category","extraData":[]},"publishpress_future_workflow_manual_trigger":{"enabledWorkflows":[]},"_links":{"self":[{"href":"https:\/\/www.blau-weiss-fischenich.de\/index.php?rest_route=\/wp\/v2\/posts\/2161","targetHints":{"allow":["GET"]}}],"collection":[{"href":"https:\/\/www.blau-weiss-fischenich.de\/index.php?rest_route=\/wp\/v2\/posts"}],"about":[{"href":"https:\/\/www.blau-weiss-fischenich.de\/index.php?rest_route=\/wp\/v2\/types\/post"}],"author":[{"embeddable":true,"href":"https:\/\/www.blau-weiss-fischenich.de\/index.php?rest_route=\/wp\/v2\/users\/2"}],"replies":[{"embeddable":true,"href":"https:\/\/www.blau-weiss-fischenich.de\/index.php?rest_route=%2Fwp%2Fv2%2Fcomments&post=2161"}],"version-history":[{"count":0,"href":"https:\/\/www.blau-weiss-fischenich.de\/index.php?rest_route=\/wp\/v2\/posts\/2161\/revisions"}],"wp:attachment":[{"href":"https:\/\/www.blau-weiss-fischenich.de\/index.php?rest_route=%2Fwp%2Fv2%2Fmedia&parent=2161"}],"wp:term":[{"taxonomy":"category","embeddable":true,"href":"https:\/\/www.blau-weiss-fischenich.de\/index.php?rest_route=%2Fwp%2Fv2%2Fcategories&post=2161"},{"taxonomy":"post_tag","embeddable":true,"href":"https:\/\/www.blau-weiss-fischenich.de\/index.php?rest_route=%2Fwp%2Fv2%2Ftags&post=2161"}],"curies":[{"name":"wp","href":"https:\/\/api.w.org\/{rel}","templated":true}]}}