{"id":22252,"date":"2018-02-10T17:43:28","date_gmt":"2018-02-10T16:43:28","guid":{"rendered":"http:\/\/www.blau-weiss-fischenich.de\/?p=22252"},"modified":"2018-02-18T18:30:33","modified_gmt":"2018-02-18T17:30:33","slug":"fischenicher-sehen-rot","status":"publish","type":"post","link":"https:\/\/www.blau-weiss-fischenich.de\/?p=22252","title":{"rendered":"Fischenicher sehen rot!"},"content":{"rendered":"<p>Genauer: Rot-wei\u00df. Unser Blasorchester spielt seit den Anf\u00e4ngen als Fanfarencorps bereits seit 60 Jahren auf vielen Karnevalsz\u00fcgen in der Region. Doch in diesem Jahr gibt es eine Premiere: Wir marschieren mit unseren Instrumenten zum ersten Mal beim K\u00f6lner Rosenmontagszug mit! Allerdings nicht in unserer gewohnten blau-wei\u00dfen Bauerntracht, sondern in den Uniformen der K\u00f6lner Roten Funken.<\/p>\n<div id=\"attachment_22253\" style=\"width: 204px\" class=\"wp-caption alignleft\"><a href=\"https:\/\/i0.wp.com\/www.blau-weiss-fischenich.de\/wp-content\/uploads\/2018\/02\/P1040902a.jpg\"><img data-recalc-dims=\"1\" fetchpriority=\"high\" decoding=\"async\" aria-describedby=\"caption-attachment-22253\" class=\"size-medium wp-image-22253\" src=\"https:\/\/i0.wp.com\/www.blau-weiss-fischenich.de\/wp-content\/uploads\/2018\/02\/P1040902a-194x300.jpg?resize=194%2C300\" alt=\"\" width=\"194\" height=\"300\" srcset=\"https:\/\/i0.wp.com\/www.blau-weiss-fischenich.de\/wp-content\/uploads\/2018\/02\/P1040902a.jpg?resize=194%2C300&amp;ssl=1 194w, https:\/\/i0.wp.com\/www.blau-weiss-fischenich.de\/wp-content\/uploads\/2018\/02\/P1040902a.jpg?resize=768%2C1190&amp;ssl=1 768w, https:\/\/i0.wp.com\/www.blau-weiss-fischenich.de\/wp-content\/uploads\/2018\/02\/P1040902a.jpg?resize=661%2C1024&amp;ssl=1 661w, https:\/\/i0.wp.com\/www.blau-weiss-fischenich.de\/wp-content\/uploads\/2018\/02\/P1040902a.jpg?w=1419&amp;ssl=1 1419w\" sizes=\"(max-width: 194px) 100vw, 194px\" \/><\/a><p id=\"caption-attachment-22253\" class=\"wp-caption-text\">Noch ungewohnt: Dietmar Welter als &#8220;rude Funk&#8221;.<\/p><\/div>\n<p>Wicky Junggeburth, den unsere Musiker bereits bei zahlreichen Auftritten gewohnt sicher begleitet haben, und der die Amateurmusiker beim Publikum stets als &#8220;eine der besten Sitzungskapellen&#8221; lobt, zeigte sich bei den Knapsacker Sitzungen beeindruckt: \u201e Das ist eine gro\u00dfe Ehre, vom \u00e4ltesten K\u00f6lner Traditionscorps, den Roten Funken von&nbsp; 1823, als Kapelle im Rosenmontagszug verpflichtet worden zu sein.\u201c<\/p>\n<p>Bereits Anfang Dezember wurden die Mu\u00adsi\u00adkerinnen und Musiker des Blasorchesters in der Ulrepforte, dem Stammquartier der Roten Funken am Sachsenring, von Kopf bis Fu\u00df eingekleidet. Beim Corpsappell Anfang Januar im Maritim-Hotel zu K\u00f6ln spielte unser Blasorchester den \u201eKarnevalistischen Zapfenstreich\u201c erstmals in den noch ungewohnten rot-wei\u00dfen Uniformen des Traditionscorps.<\/p>\n<p>Die Roten Funken gehen in diesem Jahr als 5. Gruppe im Rosenmontagszug. Unser Blasorchester reiht sich ein nach dem Regimentsspielmannszug, der Regimentskapelle, dem 1. Bagagewagen, der Kindergruppe, dem Persiflagewagen, und dann direkt nach dem 2. Bagagewagen, vor den Fahnen und dem 1. Knubbel (Fu\u00dfgruppe). Insgesamt beteiligen sich die Roten Funken mit vier Knubbeln, P\u00e4nz, Reiterstaffel, sechs Musikgruppen, Kutschen und Wagen, das sind insgesamt 24 Gruppen am Rosenmontagszug 2018.<\/p>\n","protected":false},"excerpt":{"rendered":"<p>Genauer: Rot-wei\u00df. Unser Blasorchester spielt seit den Anf\u00e4ngen als Fanfarencorps bereits seit 60 Jahren auf vielen Karnevalsz\u00fcgen in der Region. Doch in diesem Jahr gibt es eine Premiere: Wir marschieren mit unseren Instrumenten zum ersten Mal beim K\u00f6lner Rosenmontagszug mit! Allerdings nicht in unserer gewohnten blau-wei\u00dfen Bauerntracht, sondern in den Uniformen der K\u00f6lner Roten Funken. [&hellip;]<\/p>\n","protected":false},"author":2,"featured_media":0,"comment_status":"open","ping_status":"open","sticky":false,"template":"","format":"standard","meta":{"ngg_post_thumbnail":0,"_jetpack_newsletter_access":"","_jetpack_dont_email_post_to_subs":false,"_jetpack_newsletter_tier_id":0,"_jetpack_memberships_contains_paywalled_content":false,"_jetpack_memberships_contains_paid_content":false,"footnotes":"","_links_to":"","_links_to_target":""},"categories":[1,6],"tags":[126,34],"class_list":["post-22252","post","type-post","status-publish","format-standard","hentry","category-allgemein","category-blasorchester","tag-blasorchester","tag-karneval"],"featured_image_urls":{"full":"","thumbnail":"","medium":"","medium_large":"","large":"","1536x1536":"","2048x2048":""},"author_info":{"info":["Webmaster"]},"category_info":"<a href=\"https:\/\/www.blau-weiss-fischenich.de\/?cat=1\" rel=\"category\">Allgemein<\/a> <a href=\"https:\/\/www.blau-weiss-fischenich.de\/?cat=6\" rel=\"category\">Blasorchester<\/a>","tag_info":"Blasorchester","comment_count":"0","jetpack_featured_media_url":"","jetpack_sharing_enabled":true,"jetpack_shortlink":"https:\/\/wp.me\/p787HS-5MU","publishpress_future_action":{"enabled":false,"date":"2026-05-07 20:01:04","action":"change-status","newStatus":"draft","terms":[],"taxonomy":"category","extraData":[]},"publishpress_future_workflow_manual_trigger":{"enabledWorkflows":[]},"_links":{"self":[{"href":"https:\/\/www.blau-weiss-fischenich.de\/index.php?rest_route=\/wp\/v2\/posts\/22252","targetHints":{"allow":["GET"]}}],"collection":[{"href":"https:\/\/www.blau-weiss-fischenich.de\/index.php?rest_route=\/wp\/v2\/posts"}],"about":[{"href":"https:\/\/www.blau-weiss-fischenich.de\/index.php?rest_route=\/wp\/v2\/types\/post"}],"author":[{"embeddable":true,"href":"https:\/\/www.blau-weiss-fischenich.de\/index.php?rest_route=\/wp\/v2\/users\/2"}],"replies":[{"embeddable":true,"href":"https:\/\/www.blau-weiss-fischenich.de\/index.php?rest_route=%2Fwp%2Fv2%2Fcomments&post=22252"}],"version-history":[{"count":4,"href":"https:\/\/www.blau-weiss-fischenich.de\/index.php?rest_route=\/wp\/v2\/posts\/22252\/revisions"}],"predecessor-version":[{"id":22319,"href":"https:\/\/www.blau-weiss-fischenich.de\/index.php?rest_route=\/wp\/v2\/posts\/22252\/revisions\/22319"}],"wp:attachment":[{"href":"https:\/\/www.blau-weiss-fischenich.de\/index.php?rest_route=%2Fwp%2Fv2%2Fmedia&parent=22252"}],"wp:term":[{"taxonomy":"category","embeddable":true,"href":"https:\/\/www.blau-weiss-fischenich.de\/index.php?rest_route=%2Fwp%2Fv2%2Fcategories&post=22252"},{"taxonomy":"post_tag","embeddable":true,"href":"https:\/\/www.blau-weiss-fischenich.de\/index.php?rest_route=%2Fwp%2Fv2%2Ftags&post=22252"}],"curies":[{"name":"wp","href":"https:\/\/api.w.org\/{rel}","templated":true}]}}