{"id":25640,"date":"2022-12-04T10:28:41","date_gmt":"2022-12-04T09:28:41","guid":{"rendered":"https:\/\/www.blau-weiss-fischenich.de\/?p=25640"},"modified":"2022-12-17T16:28:39","modified_gmt":"2022-12-17T15:28:39","slug":"vereinsmitglieder-wurden-geehrt","status":"publish","type":"post","link":"https:\/\/www.blau-weiss-fischenich.de\/?p=25640","title":{"rendered":"Vereinsmitglieder wurden geehrt"},"content":{"rendered":"<div id=\"attachment_25641\" style=\"width: 672px\" class=\"wp-caption alignleft\"><a href=\"https:\/\/i0.wp.com\/www.blau-weiss-fischenich.de\/wp-content\/uploads\/2022\/12\/00-Ehrenmitglieder-Gruppe-Dirk-scaled.jpg?ssl=1\"><img data-recalc-dims=\"1\" fetchpriority=\"high\" decoding=\"async\" aria-describedby=\"caption-attachment-25641\" class=\" wp-image-25641\" src=\"https:\/\/i0.wp.com\/www.blau-weiss-fischenich.de\/wp-content\/uploads\/2022\/12\/00-Ehrenmitglieder-Gruppe-Dirk.jpg?resize=662%2C477&#038;ssl=1\" alt=\"\" width=\"662\" height=\"477\" srcset=\"https:\/\/i0.wp.com\/www.blau-weiss-fischenich.de\/wp-content\/uploads\/2022\/12\/00-Ehrenmitglieder-Gruppe-Dirk-scaled.jpg?resize=1024%2C738&amp;ssl=1 1024w, https:\/\/i0.wp.com\/www.blau-weiss-fischenich.de\/wp-content\/uploads\/2022\/12\/00-Ehrenmitglieder-Gruppe-Dirk-scaled.jpg?resize=300%2C216&amp;ssl=1 300w, https:\/\/i0.wp.com\/www.blau-weiss-fischenich.de\/wp-content\/uploads\/2022\/12\/00-Ehrenmitglieder-Gruppe-Dirk-scaled.jpg?resize=768%2C554&amp;ssl=1 768w, https:\/\/i0.wp.com\/www.blau-weiss-fischenich.de\/wp-content\/uploads\/2022\/12\/00-Ehrenmitglieder-Gruppe-Dirk-scaled.jpg?resize=1536%2C1108&amp;ssl=1 1536w, https:\/\/i0.wp.com\/www.blau-weiss-fischenich.de\/wp-content\/uploads\/2022\/12\/00-Ehrenmitglieder-Gruppe-Dirk-scaled.jpg?resize=2048%2C1477&amp;ssl=1 2048w\" sizes=\"(max-width: 662px) 100vw, 662px\" \/><\/a><p id=\"caption-attachment-25641\" class=\"wp-caption-text\">Unsere neuen Ehrenmitglieder Gerd Au\u00dfem, Willy Lommerzheim, Erna K\u00fcster, und Wilfried Meyer mit Dirk Schwalbach, 1.Vorsitzender<\/p><\/div>\n<p>Coronabedingt konnten in unserer Gesellschaft in den letzten beiden Jahren keine Jubilare ausgezeichnet werden. Jetzt ehrte unser Vorstand im Breitenbacher Hof in sch\u00f6ner, gem\u00fctlichen Runde eine ganze Reihe Vereinsmitglieder, die sich um unsere Gesellschaft besonders verdient gemacht haben und\/oder viele Jahre treu waren.<\/p>\n<p>Die Mitgliederversammlung hatte beschlossen, mehrere Mitglieder wegen ihrer herausragenden, engagierten und vorbildlichen Leistungen f\u00fcr unsere KG zu Ehrenmitglieder zu ernennen. Nun erhielten die neuen Ehrenmitglieder Gerd Au\u00dfem, Erna K\u00fcster, Willy Lommerzheim und Wilfried Meyer unter dem Applaus aller G\u00e4ste vom 1. Vorsitzenden Dirk Schwalbach ihre Ernennungsurkunden und Blumen, dazu jeweils gro\u00dfe handcolorierte, handsignierte und nummerierte Vereinscollagen mit Motiven unseres Heimatortes und unserer Gesellschaft, gezeichnet vom international renommierten Bonner K\u00fcnstler Jan K\u00fcnster.<\/p>\n<p>F\u00fcr ihre beachtliche 60-j\u00e4hrige Mitgliedschaft in unserer Gesellschaft wurden unser Ehrenvorsitzender Hermann-Josef Klatte und der fr\u00fchere T\u00e4nzer Willy Lommerzheim ausgezeichnet, f\u00fcr 50 Jahre Heinz Moritz. Bereits seit stolzen 40 Jahren geh\u00f6ren Sabine Klein, Anni Klatte, Helga und Norbert Rode und Barbara Zimmermann-Strom unserem Verein an. Sie erhielten Urkunden, Nadel, Blumen und, wie alle Geehrten, verdienterma\u00dfen viel Beifall.<\/p>\n<p>Doch damit nicht genug. Geehrt und beschenkt wurden auch einige Mitglieder, ob T\u00e4nzer, Musiker oder inaktiv, die unserer KG bereits seit 25 Jahren die Treue halten: Armin Br\u00fcckmann, Michael Over, Alina Niepsuj geb. Rode, Andreas Rode und Doris Wipperf\u00fcrth.<\/p>\n<p>Gemeinsam feierten alle Geehrten und Gelobten mit Partnern, Kindern, fr\u00fcher ernannten Ehrenmitgliedern und dem Vorstand, der bei so vielen Ehrungen vieles vorbereiten und organisierten musste, bei &#8220;Klaaf und Kl\u00f6n&#8221; einen kurzweiligen und fr\u00f6hlichen Abend im Breitenbacher Hof. Ein ausf\u00fchrlicherer Bericht \u00fcber den gelungenen Ehrenabend folgt in der n\u00e4chsten Husarenpost.<\/p>\n<div id=\"attachment_25650\" style=\"width: 160px\" class=\"wp-caption alignleft\"><a href=\"https:\/\/i0.wp.com\/www.blau-weiss-fischenich.de\/wp-content\/uploads\/2022\/12\/25-Gruppenbild-scaled.jpg?ssl=1\"><img data-recalc-dims=\"1\" decoding=\"async\" aria-describedby=\"caption-attachment-25650\" class=\"size-thumbnail wp-image-25650\" src=\"https:\/\/i0.wp.com\/www.blau-weiss-fischenich.de\/wp-content\/uploads\/2022\/12\/25-Gruppenbild.jpg?resize=150%2C150&#038;ssl=1\" alt=\"\" width=\"150\" height=\"150\" srcset=\"https:\/\/i0.wp.com\/www.blau-weiss-fischenich.de\/wp-content\/uploads\/2022\/12\/25-Gruppenbild-scaled.jpg?resize=150%2C150&amp;ssl=1 150w, https:\/\/i0.wp.com\/www.blau-weiss-fischenich.de\/wp-content\/uploads\/2022\/12\/25-Gruppenbild-scaled.jpg?zoom=2&amp;resize=150%2C150&amp;ssl=1 300w, https:\/\/i0.wp.com\/www.blau-weiss-fischenich.de\/wp-content\/uploads\/2022\/12\/25-Gruppenbild-scaled.jpg?zoom=3&amp;resize=150%2C150&amp;ssl=1 450w\" sizes=\"(max-width: 150px) 100vw, 150px\" \/><\/a><p id=\"caption-attachment-25650\" class=\"wp-caption-text\">Seit 25 Jahren in der KG<\/p><\/div>\n<div id=\"attachment_25649\" style=\"width: 160px\" class=\"wp-caption alignleft\"><a href=\"https:\/\/i0.wp.com\/www.blau-weiss-fischenich.de\/wp-content\/uploads\/2022\/12\/40Gruppenbild-scaled.jpg?ssl=1\"><img data-recalc-dims=\"1\" decoding=\"async\" aria-describedby=\"caption-attachment-25649\" class=\"size-thumbnail wp-image-25649\" src=\"https:\/\/i0.wp.com\/www.blau-weiss-fischenich.de\/wp-content\/uploads\/2022\/12\/40Gruppenbild.jpg?resize=150%2C150&#038;ssl=1\" alt=\"\" width=\"150\" height=\"150\" srcset=\"https:\/\/i0.wp.com\/www.blau-weiss-fischenich.de\/wp-content\/uploads\/2022\/12\/40Gruppenbild-scaled.jpg?resize=150%2C150&amp;ssl=1 150w, https:\/\/i0.wp.com\/www.blau-weiss-fischenich.de\/wp-content\/uploads\/2022\/12\/40Gruppenbild-scaled.jpg?zoom=2&amp;resize=150%2C150&amp;ssl=1 300w, https:\/\/i0.wp.com\/www.blau-weiss-fischenich.de\/wp-content\/uploads\/2022\/12\/40Gruppenbild-scaled.jpg?zoom=3&amp;resize=150%2C150&amp;ssl=1 450w\" sizes=\"(max-width: 150px) 100vw, 150px\" \/><\/a><p id=\"caption-attachment-25649\" class=\"wp-caption-text\">Seit 40 Jahren in der KG<\/p><\/div>\n<div id=\"attachment_25648\" style=\"width: 160px\" class=\"wp-caption alignleft\"><a href=\"https:\/\/i0.wp.com\/www.blau-weiss-fischenich.de\/wp-content\/uploads\/2022\/12\/50-Heinz-Moritz-scaled.jpg?ssl=1\"><img data-recalc-dims=\"1\" loading=\"lazy\" decoding=\"async\" aria-describedby=\"caption-attachment-25648\" class=\"size-thumbnail wp-image-25648\" src=\"https:\/\/i0.wp.com\/www.blau-weiss-fischenich.de\/wp-content\/uploads\/2022\/12\/50-Heinz-Moritz.jpg?resize=150%2C150&#038;ssl=1\" alt=\"\" width=\"150\" height=\"150\" srcset=\"https:\/\/i0.wp.com\/www.blau-weiss-fischenich.de\/wp-content\/uploads\/2022\/12\/50-Heinz-Moritz-scaled.jpg?resize=150%2C150&amp;ssl=1 150w, https:\/\/i0.wp.com\/www.blau-weiss-fischenich.de\/wp-content\/uploads\/2022\/12\/50-Heinz-Moritz-scaled.jpg?zoom=2&amp;resize=150%2C150&amp;ssl=1 300w, https:\/\/i0.wp.com\/www.blau-weiss-fischenich.de\/wp-content\/uploads\/2022\/12\/50-Heinz-Moritz-scaled.jpg?zoom=3&amp;resize=150%2C150&amp;ssl=1 450w\" sizes=\"(max-width: 150px) 100vw, 150px\" \/><\/a><p id=\"caption-attachment-25648\" class=\"wp-caption-text\">Seit 50 Jahren in der KG<\/p><\/div>\n<div id=\"attachment_25647\" style=\"width: 160px\" class=\"wp-caption alignleft\"><a href=\"https:\/\/i0.wp.com\/www.blau-weiss-fischenich.de\/wp-content\/uploads\/2022\/12\/60-Willy.jpg?ssl=1\"><img data-recalc-dims=\"1\" loading=\"lazy\" decoding=\"async\" aria-describedby=\"caption-attachment-25647\" class=\"size-thumbnail wp-image-25647\" src=\"https:\/\/i0.wp.com\/www.blau-weiss-fischenich.de\/wp-content\/uploads\/2022\/12\/60-Willy.jpg?resize=150%2C150&#038;ssl=1\" alt=\"\" width=\"150\" height=\"150\" srcset=\"https:\/\/i0.wp.com\/www.blau-weiss-fischenich.de\/wp-content\/uploads\/2022\/12\/60-Willy.jpg?resize=150%2C150&amp;ssl=1 150w, https:\/\/i0.wp.com\/www.blau-weiss-fischenich.de\/wp-content\/uploads\/2022\/12\/60-Willy.jpg?zoom=2&amp;resize=150%2C150&amp;ssl=1 300w, https:\/\/i0.wp.com\/www.blau-weiss-fischenich.de\/wp-content\/uploads\/2022\/12\/60-Willy.jpg?zoom=3&amp;resize=150%2C150&amp;ssl=1 450w\" sizes=\"(max-width: 150px) 100vw, 150px\" \/><\/a><p id=\"caption-attachment-25647\" class=\"wp-caption-text\">Seit 60 Jahren in der KG<\/p><\/div>\n<div id=\"attachment_25646\" style=\"width: 160px\" class=\"wp-caption alignleft\"><a href=\"https:\/\/i0.wp.com\/www.blau-weiss-fischenich.de\/wp-content\/uploads\/2022\/12\/60a-Hermann-Josef-scaled.jpg?ssl=1\"><img data-recalc-dims=\"1\" loading=\"lazy\" decoding=\"async\" aria-describedby=\"caption-attachment-25646\" class=\"size-thumbnail wp-image-25646\" src=\"https:\/\/i0.wp.com\/www.blau-weiss-fischenich.de\/wp-content\/uploads\/2022\/12\/60a-Hermann-Josef.jpg?resize=150%2C150&#038;ssl=1\" alt=\"\" width=\"150\" height=\"150\" srcset=\"https:\/\/i0.wp.com\/www.blau-weiss-fischenich.de\/wp-content\/uploads\/2022\/12\/60a-Hermann-Josef-scaled.jpg?resize=150%2C150&amp;ssl=1 150w, https:\/\/i0.wp.com\/www.blau-weiss-fischenich.de\/wp-content\/uploads\/2022\/12\/60a-Hermann-Josef-scaled.jpg?zoom=2&amp;resize=150%2C150&amp;ssl=1 300w, https:\/\/i0.wp.com\/www.blau-weiss-fischenich.de\/wp-content\/uploads\/2022\/12\/60a-Hermann-Josef-scaled.jpg?zoom=3&amp;resize=150%2C150&amp;ssl=1 450w\" sizes=\"(max-width: 150px) 100vw, 150px\" \/><\/a><p id=\"caption-attachment-25646\" class=\"wp-caption-text\">Seit 60 Jahren in der KG<\/p><\/div>\n","protected":false},"excerpt":{"rendered":"<p>Coronabedingt konnten in unserer Gesellschaft in den letzten beiden Jahren keine Jubilare ausgezeichnet werden. Jetzt ehrte unser Vorstand im Breitenbacher Hof in sch\u00f6ner, gem\u00fctlichen Runde eine ganze Reihe Vereinsmitglieder, die sich um unsere Gesellschaft besonders verdient gemacht haben und\/oder viele Jahre treu waren. Die Mitgliederversammlung hatte beschlossen, mehrere Mitglieder wegen ihrer herausragenden, engagierten und vorbildlichen [&hellip;]<\/p>\n","protected":false},"author":55,"featured_media":0,"comment_status":"open","ping_status":"open","sticky":false,"template":"","format":"standard","meta":{"ngg_post_thumbnail":0,"_jetpack_newsletter_access":"","_jetpack_dont_email_post_to_subs":false,"_jetpack_newsletter_tier_id":0,"_jetpack_memberships_contains_paywalled_content":false,"_jetpack_memberships_contains_paid_content":false,"footnotes":"","_links_to":"","_links_to_target":""},"categories":[1],"tags":[],"class_list":["post-25640","post","type-post","status-publish","format-standard","hentry","category-allgemein"],"featured_image_urls":{"full":"","thumbnail":"","medium":"","medium_large":"","large":"","1536x1536":"","2048x2048":""},"author_info":{"info":["Helmut G\u00f6rtz"]},"category_info":"<a href=\"https:\/\/www.blau-weiss-fischenich.de\/?cat=1\" rel=\"category\">Allgemein<\/a>","tag_info":"Allgemein","comment_count":"0","jetpack_featured_media_url":"","jetpack_sharing_enabled":true,"jetpack_shortlink":"https:\/\/wp.me\/p787HS-6Fy","publishpress_future_action":{"enabled":false,"date":"2026-05-03 10:16:01","action":"change-status","newStatus":"draft","terms":[],"taxonomy":"category","extraData":[]},"publishpress_future_workflow_manual_trigger":{"enabledWorkflows":[]},"_links":{"self":[{"href":"https:\/\/www.blau-weiss-fischenich.de\/index.php?rest_route=\/wp\/v2\/posts\/25640","targetHints":{"allow":["GET"]}}],"collection":[{"href":"https:\/\/www.blau-weiss-fischenich.de\/index.php?rest_route=\/wp\/v2\/posts"}],"about":[{"href":"https:\/\/www.blau-weiss-fischenich.de\/index.php?rest_route=\/wp\/v2\/types\/post"}],"author":[{"embeddable":true,"href":"https:\/\/www.blau-weiss-fischenich.de\/index.php?rest_route=\/wp\/v2\/users\/55"}],"replies":[{"embeddable":true,"href":"https:\/\/www.blau-weiss-fischenich.de\/index.php?rest_route=%2Fwp%2Fv2%2Fcomments&post=25640"}],"version-history":[{"count":8,"href":"https:\/\/www.blau-weiss-fischenich.de\/index.php?rest_route=\/wp\/v2\/posts\/25640\/revisions"}],"predecessor-version":[{"id":25694,"href":"https:\/\/www.blau-weiss-fischenich.de\/index.php?rest_route=\/wp\/v2\/posts\/25640\/revisions\/25694"}],"wp:attachment":[{"href":"https:\/\/www.blau-weiss-fischenich.de\/index.php?rest_route=%2Fwp%2Fv2%2Fmedia&parent=25640"}],"wp:term":[{"taxonomy":"category","embeddable":true,"href":"https:\/\/www.blau-weiss-fischenich.de\/index.php?rest_route=%2Fwp%2Fv2%2Fcategories&post=25640"},{"taxonomy":"post_tag","embeddable":true,"href":"https:\/\/www.blau-weiss-fischenich.de\/index.php?rest_route=%2Fwp%2Fv2%2Ftags&post=25640"}],"curies":[{"name":"wp","href":"https:\/\/api.w.org\/{rel}","templated":true}]}}