{"id":26449,"date":"2025-02-02T14:37:56","date_gmt":"2025-02-02T13:37:56","guid":{"rendered":"https:\/\/www.blau-weiss-fischenich.de\/?p=26449"},"modified":"2025-02-03T12:00:37","modified_gmt":"2025-02-03T11:00:37","slug":"koelsche-joddesdeens-in-der-fischenicher-pfarrkirche","status":"publish","type":"post","link":"https:\/\/www.blau-weiss-fischenich.de\/?p=26449","title":{"rendered":"K\u00f6lsche Joddesdeens in der Fischenicher Pfarrkirche"},"content":{"rendered":"<div id=\"attachment_26452\" style=\"width: 681px\" class=\"wp-caption alignnone\"><a href=\"https:\/\/i0.wp.com\/www.blau-weiss-fischenich.de\/wp-content\/uploads\/2025\/02\/Kinder-und-Jugendtanzcorps-scaled.jpg?ssl=1\"><img data-recalc-dims=\"1\" fetchpriority=\"high\" decoding=\"async\" aria-describedby=\"caption-attachment-26452\" class=\" wp-image-26452\" src=\"https:\/\/i0.wp.com\/www.blau-weiss-fischenich.de\/wp-content\/uploads\/2025\/02\/Kinder-und-Jugendtanzcorps.jpg?resize=671%2C363&#038;ssl=1\" alt=\"\" width=\"671\" height=\"363\" srcset=\"https:\/\/i0.wp.com\/www.blau-weiss-fischenich.de\/wp-content\/uploads\/2025\/02\/Kinder-und-Jugendtanzcorps-scaled.jpg?resize=1024%2C554&amp;ssl=1 1024w, https:\/\/i0.wp.com\/www.blau-weiss-fischenich.de\/wp-content\/uploads\/2025\/02\/Kinder-und-Jugendtanzcorps-scaled.jpg?resize=300%2C162&amp;ssl=1 300w, https:\/\/i0.wp.com\/www.blau-weiss-fischenich.de\/wp-content\/uploads\/2025\/02\/Kinder-und-Jugendtanzcorps-scaled.jpg?resize=768%2C416&amp;ssl=1 768w, https:\/\/i0.wp.com\/www.blau-weiss-fischenich.de\/wp-content\/uploads\/2025\/02\/Kinder-und-Jugendtanzcorps-scaled.jpg?resize=1536%2C831&amp;ssl=1 1536w, https:\/\/i0.wp.com\/www.blau-weiss-fischenich.de\/wp-content\/uploads\/2025\/02\/Kinder-und-Jugendtanzcorps-scaled.jpg?resize=2048%2C1108&amp;ssl=1 2048w\" sizes=\"(max-width: 671px) 100vw, 671px\" \/><\/a><p id=\"caption-attachment-26452\" class=\"wp-caption-text\">Unser Kinder- und Jugendtanzcorps<\/p><\/div>\n<p>Mit Gesang, Blasmusik und Tanz feierten die Fischenicher in der Pfarrkirche St. Martinus am Sonntag, dem 2. Februar einen sehr gut besuchten &#8220;K\u00f6lsche Joddesdeens\u201c. &nbsp;An diesem Tag endet mit dem Fest &#8220;Mari\u00e4 Lichtmess\u201c nach altem Brauch offiziell die Weihnachtszeit. Geleitet wurde der kath. Gottesdienst mit Liedern und Texten in rheinischer Mundart und &#8220;op feschenicher Platt\u201c vom Diakon Hans-J\u00f6rg Ganslmeier. Die musikalische Gestaltung besorgten der Kirchenchor C\u00e4cilia, geleitet von Monika Seidel-Wolpers, das Blasorchester unserer Gesellschaft, in Vertretung von Gerd Au\u00dfem von Michael Schumacher geleitet, und an der Orgel Simon Ganslmeier.<\/p>\n<div id=\"attachment_26455\" style=\"width: 165px\" class=\"wp-caption alignright\"><a href=\"https:\/\/i0.wp.com\/www.blau-weiss-fischenich.de\/wp-content\/uploads\/2025\/02\/Ganslmeier-Berg.jpg?ssl=1\"><img data-recalc-dims=\"1\" decoding=\"async\" aria-describedby=\"caption-attachment-26455\" class=\" wp-image-26455\" src=\"https:\/\/i0.wp.com\/www.blau-weiss-fischenich.de\/wp-content\/uploads\/2025\/02\/Ganslmeier-Berg.jpg?resize=155%2C194&#038;ssl=1\" alt=\"\" width=\"155\" height=\"194\" srcset=\"https:\/\/i0.wp.com\/www.blau-weiss-fischenich.de\/wp-content\/uploads\/2025\/02\/Ganslmeier-Berg.jpg?resize=240%2C300&amp;ssl=1 240w, https:\/\/i0.wp.com\/www.blau-weiss-fischenich.de\/wp-content\/uploads\/2025\/02\/Ganslmeier-Berg.jpg?resize=820%2C1024&amp;ssl=1 820w, https:\/\/i0.wp.com\/www.blau-weiss-fischenich.de\/wp-content\/uploads\/2025\/02\/Ganslmeier-Berg.jpg?resize=768%2C959&amp;ssl=1 768w, https:\/\/i0.wp.com\/www.blau-weiss-fischenich.de\/wp-content\/uploads\/2025\/02\/Ganslmeier-Berg.jpg?w=911&amp;ssl=1 911w\" sizes=\"(max-width: 155px) 100vw, 155px\" \/><\/a><p id=\"caption-attachment-26455\" class=\"wp-caption-text\">Diakon Hans-J\u00f6rg Ganslmeier und Sakristan Fabian Berg<\/p><\/div>\n<p>Statt der Predigt gab es en ebenso lustiges wie besinnliches Zwiegespr\u00e4ch zwischen Diakon Ganslmeier und dem Sakristan Fabian Berg \u00fcber das Thema&nbsp; &#8220;Meine Augen haben das Heil gesehen\u201c, allerdings nicht auf Hochdeutsch, sondern wie alle Texte und Lieder bei diesem Gottesdienst auf Feschenicher Platt. Hierf\u00fcr erhielten die beiden von den vielfach kost\u00fcmierten gro\u00dfen und kleinen Gl\u00e4ubigen spontanen Beifall. Wie in vielen Kirchen an Mari\u00e4 Lichtmess \u00fcblich, wurden auch bei uns vom Diakon Ganslmeier die Kerzen der Kirche f\u00fcr das neue Jahr gesegnet.<\/p>\n<p>Nach dem Segen und dem Schlusslied &#8220;Mir senn e l\u00f6stisch V\u00f6lkche&#8221; zog unser schmuckes Kinder- und Jugendtanzcorps vor den Altar und pr\u00e4sentierte dort, live begleitet von unserem Blasorchester und kommandiert von Ella Schumacher und Arica Timmermanns drei sch\u00f6ne T\u00e4nze. Die strahlenden Augen der Kinder und Jugendlichen bewiesen, wieviel Spa\u00df sie bei ihrem Auftritt hatten. Begleitet wurden sie von Diana Ermer und Katrin Koch, die Leiterinnen und Betreuerinnen unseres Kinder- und Jugendtanzcorps. Zum Abschluss des Gottesdienstes und zum Auszug des Nachwuchses spielte das Blasorchester den Marsch &#8220;Der treue Husar\u201c.<\/p>\n<p>&nbsp;<\/p>\n<p><a href=\"https:\/\/i0.wp.com\/www.blau-weiss-fischenich.de\/wp-content\/uploads\/2025\/02\/Blasorchester-Michael-scaled.jpg?ssl=1\"><img data-recalc-dims=\"1\" decoding=\"async\" class=\"alignnone size-medium wp-image-26459\" src=\"https:\/\/i0.wp.com\/www.blau-weiss-fischenich.de\/wp-content\/uploads\/2025\/02\/Blasorchester-Michael.jpg?resize=300%2C158&#038;ssl=1\" alt=\"\" width=\"300\" height=\"158\" srcset=\"https:\/\/i0.wp.com\/www.blau-weiss-fischenich.de\/wp-content\/uploads\/2025\/02\/Blasorchester-Michael-scaled.jpg?resize=300%2C158&amp;ssl=1 300w, https:\/\/i0.wp.com\/www.blau-weiss-fischenich.de\/wp-content\/uploads\/2025\/02\/Blasorchester-Michael-scaled.jpg?resize=1024%2C540&amp;ssl=1 1024w, https:\/\/i0.wp.com\/www.blau-weiss-fischenich.de\/wp-content\/uploads\/2025\/02\/Blasorchester-Michael-scaled.jpg?resize=768%2C405&amp;ssl=1 768w, https:\/\/i0.wp.com\/www.blau-weiss-fischenich.de\/wp-content\/uploads\/2025\/02\/Blasorchester-Michael-scaled.jpg?resize=1536%2C810&amp;ssl=1 1536w, https:\/\/i0.wp.com\/www.blau-weiss-fischenich.de\/wp-content\/uploads\/2025\/02\/Blasorchester-Michael-scaled.jpg?resize=2048%2C1080&amp;ssl=1 2048w\" sizes=\"(max-width: 300px) 100vw, 300px\" \/><\/a> <a href=\"https:\/\/i0.wp.com\/www.blau-weiss-fischenich.de\/wp-content\/uploads\/2025\/02\/Tanzcorps-scaled.jpg?ssl=1\"><img data-recalc-dims=\"1\" loading=\"lazy\" decoding=\"async\" class=\"alignnone wp-image-26460\" src=\"https:\/\/i0.wp.com\/www.blau-weiss-fischenich.de\/wp-content\/uploads\/2025\/02\/Tanzcorps.jpg?resize=266%2C156&#038;ssl=1\" alt=\"\" width=\"266\" height=\"156\" srcset=\"https:\/\/i0.wp.com\/www.blau-weiss-fischenich.de\/wp-content\/uploads\/2025\/02\/Tanzcorps-scaled.jpg?resize=300%2C176&amp;ssl=1 300w, https:\/\/i0.wp.com\/www.blau-weiss-fischenich.de\/wp-content\/uploads\/2025\/02\/Tanzcorps-scaled.jpg?resize=1024%2C600&amp;ssl=1 1024w, https:\/\/i0.wp.com\/www.blau-weiss-fischenich.de\/wp-content\/uploads\/2025\/02\/Tanzcorps-scaled.jpg?resize=768%2C450&amp;ssl=1 768w, https:\/\/i0.wp.com\/www.blau-weiss-fischenich.de\/wp-content\/uploads\/2025\/02\/Tanzcorps-scaled.jpg?resize=1536%2C899&amp;ssl=1 1536w, https:\/\/i0.wp.com\/www.blau-weiss-fischenich.de\/wp-content\/uploads\/2025\/02\/Tanzcorps-scaled.jpg?resize=2048%2C1199&amp;ssl=1 2048w\" sizes=\"(max-width: 266px) 100vw, 266px\" \/> <\/a><a href=\"https:\/\/i0.wp.com\/www.blau-weiss-fischenich.de\/wp-content\/uploads\/2025\/02\/Blasorchester-Michael-2-scaled.jpg?ssl=1\"><img data-recalc-dims=\"1\" loading=\"lazy\" decoding=\"async\" class=\"alignnone wp-image-26461\" src=\"https:\/\/i0.wp.com\/www.blau-weiss-fischenich.de\/wp-content\/uploads\/2025\/02\/Blasorchester-Michael-2.jpg?resize=328%2C162&#038;ssl=1\" alt=\"\" width=\"328\" height=\"162\" srcset=\"https:\/\/i0.wp.com\/www.blau-weiss-fischenich.de\/wp-content\/uploads\/2025\/02\/Blasorchester-Michael-2-scaled.jpg?resize=300%2C148&amp;ssl=1 300w, https:\/\/i0.wp.com\/www.blau-weiss-fischenich.de\/wp-content\/uploads\/2025\/02\/Blasorchester-Michael-2-scaled.jpg?resize=1024%2C507&amp;ssl=1 1024w, https:\/\/i0.wp.com\/www.blau-weiss-fischenich.de\/wp-content\/uploads\/2025\/02\/Blasorchester-Michael-2-scaled.jpg?resize=768%2C380&amp;ssl=1 768w, https:\/\/i0.wp.com\/www.blau-weiss-fischenich.de\/wp-content\/uploads\/2025\/02\/Blasorchester-Michael-2-scaled.jpg?resize=1536%2C760&amp;ssl=1 1536w, https:\/\/i0.wp.com\/www.blau-weiss-fischenich.de\/wp-content\/uploads\/2025\/02\/Blasorchester-Michael-2-scaled.jpg?resize=2048%2C1013&amp;ssl=1 2048w\" sizes=\"(max-width: 328px) 100vw, 328px\" \/> <\/a><a href=\"https:\/\/i0.wp.com\/www.blau-weiss-fischenich.de\/wp-content\/uploads\/2025\/02\/Kindertanzcorps-scaled.jpg?ssl=1\"><img data-recalc-dims=\"1\" loading=\"lazy\" decoding=\"async\" class=\"alignnone wp-image-26462\" src=\"https:\/\/i0.wp.com\/www.blau-weiss-fischenich.de\/wp-content\/uploads\/2025\/02\/Kindertanzcorps.jpg?resize=243%2C167&#038;ssl=1\" alt=\"\" width=\"243\" height=\"167\" srcset=\"https:\/\/i0.wp.com\/www.blau-weiss-fischenich.de\/wp-content\/uploads\/2025\/02\/Kindertanzcorps-scaled.jpg?resize=300%2C206&amp;ssl=1 300w, https:\/\/i0.wp.com\/www.blau-weiss-fischenich.de\/wp-content\/uploads\/2025\/02\/Kindertanzcorps-scaled.jpg?resize=1024%2C703&amp;ssl=1 1024w, https:\/\/i0.wp.com\/www.blau-weiss-fischenich.de\/wp-content\/uploads\/2025\/02\/Kindertanzcorps-scaled.jpg?resize=768%2C528&amp;ssl=1 768w, https:\/\/i0.wp.com\/www.blau-weiss-fischenich.de\/wp-content\/uploads\/2025\/02\/Kindertanzcorps-scaled.jpg?resize=1536%2C1055&amp;ssl=1 1536w, https:\/\/i0.wp.com\/www.blau-weiss-fischenich.de\/wp-content\/uploads\/2025\/02\/Kindertanzcorps-scaled.jpg?resize=2048%2C1407&amp;ssl=1 2048w\" sizes=\"(max-width: 243px) 100vw, 243px\" \/> <\/a><a href=\"https:\/\/i0.wp.com\/www.blau-weiss-fischenich.de\/wp-content\/uploads\/2025\/02\/Jugendtanzcorps-scaled.jpg?ssl=1\"><img data-recalc-dims=\"1\" loading=\"lazy\" decoding=\"async\" class=\"alignnone size-medium wp-image-26467\" src=\"https:\/\/i0.wp.com\/www.blau-weiss-fischenich.de\/wp-content\/uploads\/2025\/02\/Jugendtanzcorps.jpg?resize=300%2C218&#038;ssl=1\" alt=\"\" width=\"300\" height=\"218\" srcset=\"https:\/\/i0.wp.com\/www.blau-weiss-fischenich.de\/wp-content\/uploads\/2025\/02\/Jugendtanzcorps-scaled.jpg?resize=300%2C218&amp;ssl=1 300w, https:\/\/i0.wp.com\/www.blau-weiss-fischenich.de\/wp-content\/uploads\/2025\/02\/Jugendtanzcorps-scaled.jpg?resize=1024%2C744&amp;ssl=1 1024w, https:\/\/i0.wp.com\/www.blau-weiss-fischenich.de\/wp-content\/uploads\/2025\/02\/Jugendtanzcorps-scaled.jpg?resize=768%2C558&amp;ssl=1 768w, https:\/\/i0.wp.com\/www.blau-weiss-fischenich.de\/wp-content\/uploads\/2025\/02\/Jugendtanzcorps-scaled.jpg?resize=1536%2C1116&amp;ssl=1 1536w, https:\/\/i0.wp.com\/www.blau-weiss-fischenich.de\/wp-content\/uploads\/2025\/02\/Jugendtanzcorps-scaled.jpg?resize=2048%2C1489&amp;ssl=1 2048w\" sizes=\"(max-width: 300px) 100vw, 300px\" \/><\/a><\/p>\n","protected":false},"excerpt":{"rendered":"<p>Mit Gesang, Blasmusik und Tanz feierten die Fischenicher in der Pfarrkirche St. Martinus am Sonntag, dem 2. Februar einen sehr gut besuchten &#8220;K\u00f6lsche Joddesdeens\u201c. &nbsp;An diesem Tag endet mit dem Fest &#8220;Mari\u00e4 Lichtmess\u201c nach altem Brauch offiziell die Weihnachtszeit. Geleitet wurde der kath. Gottesdienst mit Liedern und Texten in rheinischer Mundart und &#8220;op feschenicher Platt\u201c [&hellip;]<\/p>\n","protected":false},"author":55,"featured_media":0,"comment_status":"open","ping_status":"open","sticky":false,"template":"","format":"standard","meta":{"ngg_post_thumbnail":0,"_jetpack_newsletter_access":"","_jetpack_dont_email_post_to_subs":false,"_jetpack_newsletter_tier_id":0,"_jetpack_memberships_contains_paywalled_content":false,"_jetpack_memberships_contains_paid_content":false,"footnotes":"","_links_to":"","_links_to_target":""},"categories":[1],"tags":[],"class_list":["post-26449","post","type-post","status-publish","format-standard","hentry","category-allgemein"],"featured_image_urls":{"full":"","thumbnail":"","medium":"","medium_large":"","large":"","1536x1536":"","2048x2048":""},"author_info":{"info":["Helmut G\u00f6rtz"]},"category_info":"<a href=\"https:\/\/www.blau-weiss-fischenich.de\/?cat=1\" rel=\"category\">Allgemein<\/a>","tag_info":"Allgemein","comment_count":"0","jetpack_featured_media_url":"","jetpack_sharing_enabled":true,"jetpack_shortlink":"https:\/\/wp.me\/p787HS-6SB","publishpress_future_action":{"enabled":false,"date":"2026-05-08 08:17:51","action":"change-status","newStatus":"draft","terms":[],"taxonomy":"category","extraData":[]},"publishpress_future_workflow_manual_trigger":{"enabledWorkflows":[]},"_links":{"self":[{"href":"https:\/\/www.blau-weiss-fischenich.de\/index.php?rest_route=\/wp\/v2\/posts\/26449","targetHints":{"allow":["GET"]}}],"collection":[{"href":"https:\/\/www.blau-weiss-fischenich.de\/index.php?rest_route=\/wp\/v2\/posts"}],"about":[{"href":"https:\/\/www.blau-weiss-fischenich.de\/index.php?rest_route=\/wp\/v2\/types\/post"}],"author":[{"embeddable":true,"href":"https:\/\/www.blau-weiss-fischenich.de\/index.php?rest_route=\/wp\/v2\/users\/55"}],"replies":[{"embeddable":true,"href":"https:\/\/www.blau-weiss-fischenich.de\/index.php?rest_route=%2Fwp%2Fv2%2Fcomments&post=26449"}],"version-history":[{"count":11,"href":"https:\/\/www.blau-weiss-fischenich.de\/index.php?rest_route=\/wp\/v2\/posts\/26449\/revisions"}],"predecessor-version":[{"id":26469,"href":"https:\/\/www.blau-weiss-fischenich.de\/index.php?rest_route=\/wp\/v2\/posts\/26449\/revisions\/26469"}],"wp:attachment":[{"href":"https:\/\/www.blau-weiss-fischenich.de\/index.php?rest_route=%2Fwp%2Fv2%2Fmedia&parent=26449"}],"wp:term":[{"taxonomy":"category","embeddable":true,"href":"https:\/\/www.blau-weiss-fischenich.de\/index.php?rest_route=%2Fwp%2Fv2%2Fcategories&post=26449"},{"taxonomy":"post_tag","embeddable":true,"href":"https:\/\/www.blau-weiss-fischenich.de\/index.php?rest_route=%2Fwp%2Fv2%2Ftags&post=26449"}],"curies":[{"name":"wp","href":"https:\/\/api.w.org\/{rel}","templated":true}]}}