{"id":26748,"date":"2025-12-09T10:27:44","date_gmt":"2025-12-09T09:27:44","guid":{"rendered":"https:\/\/www.blau-weiss-fischenich.de\/?p=26748"},"modified":"2025-12-09T10:42:07","modified_gmt":"2025-12-09T09:42:07","slug":"kunos-freunde-freuen-sich-auf-weihnachten","status":"publish","type":"post","link":"https:\/\/www.blau-weiss-fischenich.de\/?p=26748","title":{"rendered":"Kunos Freunde freuen sich auf unser Weihnachtskonzert"},"content":{"rendered":"<p>Kunos Freunde kamen jetzt im Sch\u00fctzenheim zum letzten Treffen in diesem Jahr zusammen, um sich mit Gl\u00fchwein und Pl\u00e4tzchen zu besprechen, was alles und von wem f\u00fcr das 33. Weihnachtskonzert unseres Blasorchesters am 4. Adventssonntag, Beginn 17 Uhr, und dem anschlie\u00dfenden gem\u00fctlichen Beisammensein im Martinushaus noch vorzubereiten ist. Weiterhin wurden auch schon die n\u00e4chsten Termine von Kunos Freunden im n\u00e4chsten Jahr festgelegt. Thomas R\u00fcckert, Sprecher von Kunos Freunden, hatte eine Liste vorbereitet mit den Themen, die zum Weihnachtskonzert abgearbeitet und organisiert werden m\u00fcssen, von der sicheren Aufstellung zus\u00e4tzlicher St\u00fchle in der Kirche, dem&nbsp; Einkauf von Lebensmitteln oder Getr\u00e4nken, dem Personaleinsatz nach dem Konzert im Martinushaus und vieles, vieles mehr. Sehr erfreulich war das Engagement von Kunos Freunden, bei den Vorbereitungen und der Durchf\u00fchrung rund um das Weihnachtskonzert mit Rat und Tat zu helfen. Nat\u00fcrlich kam bei dem Treffen auch der Spa\u00df nicht zu kurz und es wurde viel gelacht.&nbsp;<\/p>\n<p><a href=\"https:\/\/i0.wp.com\/www.blau-weiss-fischenich.de\/wp-content\/uploads\/2025\/12\/Kopie-1-1.jpg?ssl=1\"><img data-recalc-dims=\"1\" decoding=\"async\" class=\"alignleft wp-image-26757\" src=\"https:\/\/i0.wp.com\/www.blau-weiss-fischenich.de\/wp-content\/uploads\/2025\/12\/Kopie-1-1.jpg?resize=233%2C190&#038;ssl=1\" alt=\"\" width=\"233\" height=\"190\" srcset=\"https:\/\/i0.wp.com\/www.blau-weiss-fischenich.de\/wp-content\/uploads\/2025\/12\/Kopie-1-1.jpg?resize=300%2C245&amp;ssl=1 300w, https:\/\/i0.wp.com\/www.blau-weiss-fischenich.de\/wp-content\/uploads\/2025\/12\/Kopie-1-1.jpg?resize=768%2C628&amp;ssl=1 768w, https:\/\/i0.wp.com\/www.blau-weiss-fischenich.de\/wp-content\/uploads\/2025\/12\/Kopie-1-1.jpg?w=996&amp;ssl=1 996w\" sizes=\"(max-width: 233px) 100vw, 233px\" \/><\/a><a href=\"https:\/\/i0.wp.com\/www.blau-weiss-fischenich.de\/wp-content\/uploads\/2025\/12\/Kopie-3-1.jpg?ssl=1\"><img data-recalc-dims=\"1\" fetchpriority=\"high\" decoding=\"async\" class=\"alignleft wp-image-26759\" src=\"https:\/\/i0.wp.com\/www.blau-weiss-fischenich.de\/wp-content\/uploads\/2025\/12\/Kopie-3-1.jpg?resize=303%2C190&#038;ssl=1\" alt=\"\" width=\"303\" height=\"190\" srcset=\"https:\/\/i0.wp.com\/www.blau-weiss-fischenich.de\/wp-content\/uploads\/2025\/12\/Kopie-3-1.jpg?resize=300%2C188&amp;ssl=1 300w, https:\/\/i0.wp.com\/www.blau-weiss-fischenich.de\/wp-content\/uploads\/2025\/12\/Kopie-3-1.jpg?resize=1024%2C640&amp;ssl=1 1024w, https:\/\/i0.wp.com\/www.blau-weiss-fischenich.de\/wp-content\/uploads\/2025\/12\/Kopie-3-1.jpg?resize=768%2C480&amp;ssl=1 768w, https:\/\/i0.wp.com\/www.blau-weiss-fischenich.de\/wp-content\/uploads\/2025\/12\/Kopie-3-1.jpg?w=1303&amp;ssl=1 1303w\" sizes=\"(max-width: 303px) 100vw, 303px\" \/><\/a>&nbsp;<\/p>\n","protected":false},"excerpt":{"rendered":"<p>Kunos Freunde kamen jetzt im Sch\u00fctzenheim zum letzten Treffen in diesem Jahr zusammen, um sich mit Gl\u00fchwein und Pl\u00e4tzchen zu besprechen, was alles und von wem f\u00fcr das 33. Weihnachtskonzert unseres Blasorchesters am 4. Adventssonntag, Beginn 17 Uhr, und dem anschlie\u00dfenden gem\u00fctlichen Beisammensein im Martinushaus noch vorzubereiten ist. Weiterhin wurden auch schon die n\u00e4chsten Termine [&hellip;]<\/p>\n","protected":false},"author":55,"featured_media":0,"comment_status":"open","ping_status":"open","sticky":false,"template":"","format":"standard","meta":{"ngg_post_thumbnail":0,"_jetpack_newsletter_access":"","_jetpack_dont_email_post_to_subs":false,"_jetpack_newsletter_tier_id":0,"_jetpack_memberships_contains_paywalled_content":false,"_jetpack_memberships_contains_paid_content":false,"footnotes":"","_links_to":"","_links_to_target":""},"categories":[1],"tags":[],"class_list":["post-26748","post","type-post","status-publish","format-standard","hentry","category-allgemein"],"featured_image_urls":{"full":"","thumbnail":"","medium":"","medium_large":"","large":"","1536x1536":"","2048x2048":""},"author_info":{"info":["Helmut G\u00f6rtz"]},"category_info":"<a href=\"https:\/\/www.blau-weiss-fischenich.de\/?cat=1\" rel=\"category\">Allgemein<\/a>","tag_info":"Allgemein","comment_count":"0","jetpack_featured_media_url":"","jetpack_sharing_enabled":true,"jetpack_shortlink":"https:\/\/wp.me\/p787HS-6Xq","publishpress_future_action":{"enabled":false,"date":"2026-05-10 14:36:51","action":"change-status","newStatus":"draft","terms":[],"taxonomy":"category","extraData":[]},"publishpress_future_workflow_manual_trigger":{"enabledWorkflows":[]},"_links":{"self":[{"href":"https:\/\/www.blau-weiss-fischenich.de\/index.php?rest_route=\/wp\/v2\/posts\/26748","targetHints":{"allow":["GET"]}}],"collection":[{"href":"https:\/\/www.blau-weiss-fischenich.de\/index.php?rest_route=\/wp\/v2\/posts"}],"about":[{"href":"https:\/\/www.blau-weiss-fischenich.de\/index.php?rest_route=\/wp\/v2\/types\/post"}],"author":[{"embeddable":true,"href":"https:\/\/www.blau-weiss-fischenich.de\/index.php?rest_route=\/wp\/v2\/users\/55"}],"replies":[{"embeddable":true,"href":"https:\/\/www.blau-weiss-fischenich.de\/index.php?rest_route=%2Fwp%2Fv2%2Fcomments&post=26748"}],"version-history":[{"count":4,"href":"https:\/\/www.blau-weiss-fischenich.de\/index.php?rest_route=\/wp\/v2\/posts\/26748\/revisions"}],"predecessor-version":[{"id":26762,"href":"https:\/\/www.blau-weiss-fischenich.de\/index.php?rest_route=\/wp\/v2\/posts\/26748\/revisions\/26762"}],"wp:attachment":[{"href":"https:\/\/www.blau-weiss-fischenich.de\/index.php?rest_route=%2Fwp%2Fv2%2Fmedia&parent=26748"}],"wp:term":[{"taxonomy":"category","embeddable":true,"href":"https:\/\/www.blau-weiss-fischenich.de\/index.php?rest_route=%2Fwp%2Fv2%2Fcategories&post=26748"},{"taxonomy":"post_tag","embeddable":true,"href":"https:\/\/www.blau-weiss-fischenich.de\/index.php?rest_route=%2Fwp%2Fv2%2Ftags&post=26748"}],"curies":[{"name":"wp","href":"https:\/\/api.w.org\/{rel}","templated":true}]}}