{"id":26817,"date":"2026-01-29T11:16:16","date_gmt":"2026-01-29T10:16:16","guid":{"rendered":"https:\/\/www.blau-weiss-fischenich.de\/?p=26817"},"modified":"2026-01-29T11:41:35","modified_gmt":"2026-01-29T10:41:35","slug":"neue-showtanzgruppe-tanzt-aus-der-reihe","status":"publish","type":"post","link":"https:\/\/www.blau-weiss-fischenich.de\/?p=26817","title":{"rendered":"Neue Showtanzgruppe tanzt aus der Reihe"},"content":{"rendered":"<div id=\"attachment_26818\" style=\"width: 310px\" class=\"wp-caption alignleft\"><a href=\"https:\/\/i0.wp.com\/www.blau-weiss-fischenich.de\/wp-content\/uploads\/2026\/01\/Gruppenbild-Showtanzgruppe-Jeckstasy.jpeg?ssl=1\"><img data-recalc-dims=\"1\" fetchpriority=\"high\" decoding=\"async\" aria-describedby=\"caption-attachment-26818\" class=\"size-medium wp-image-26818\" src=\"https:\/\/i0.wp.com\/www.blau-weiss-fischenich.de\/wp-content\/uploads\/2026\/01\/Gruppenbild-Showtanzgruppe-Jeckstasy.jpeg?resize=300%2C286&#038;ssl=1\" alt=\"\" width=\"300\" height=\"286\" srcset=\"https:\/\/i0.wp.com\/www.blau-weiss-fischenich.de\/wp-content\/uploads\/2026\/01\/Gruppenbild-Showtanzgruppe-Jeckstasy.jpeg?resize=300%2C286&amp;ssl=1 300w, https:\/\/i0.wp.com\/www.blau-weiss-fischenich.de\/wp-content\/uploads\/2026\/01\/Gruppenbild-Showtanzgruppe-Jeckstasy.jpeg?resize=1024%2C976&amp;ssl=1 1024w, https:\/\/i0.wp.com\/www.blau-weiss-fischenich.de\/wp-content\/uploads\/2026\/01\/Gruppenbild-Showtanzgruppe-Jeckstasy.jpeg?resize=768%2C732&amp;ssl=1 768w, https:\/\/i0.wp.com\/www.blau-weiss-fischenich.de\/wp-content\/uploads\/2026\/01\/Gruppenbild-Showtanzgruppe-Jeckstasy.jpeg?resize=1536%2C1464&amp;ssl=1 1536w, https:\/\/i0.wp.com\/www.blau-weiss-fischenich.de\/wp-content\/uploads\/2026\/01\/Gruppenbild-Showtanzgruppe-Jeckstasy.jpeg?w=1600&amp;ssl=1 1600w\" sizes=\"(max-width: 300px) 100vw, 300px\" \/><\/a><p id=\"caption-attachment-26818\" class=\"wp-caption-text\">Showtanzgruppe der KG Blau-Weiss Fischenich<\/p><\/div>\n<p>Die im letzten Jahr gegr\u00fcndete neue Showtanzgruppe der KG Blau-Wei\u00df Fischenich l\u00e4dt nach guten Erfolgen direkt bei den ersten Auftritten nach Karneval zum Probetraining ein. Es findet statt am Donnerstag, den 5. M\u00e4rz 2026 ab 20 Uhr im Martinushaus, An St. Martin 9, 50354 H\u00fcrth-Fischenich.<\/p>\n<p>Interessierte M\u00e4dels und Jungen ab 18 Jahren k\u00f6nnen auch mit Anita Klinz unter der E-Mail-Adresse showtanzgruppe@blau-weiss-fischenich.de Kontakt aufnehmen.<\/p>\n<p>Angesprochen sind T\u00e4nzerinnen und T\u00e4nzer, die, vielleicht nach einer Pause, eigentlich noch oder wieder Lust und Zeit haben, in einer Showtanzgruppe zu modernen Songs und tollen Choreographien mit gut gelaunten Leuten zu tanzen. Geprobt wird Donnerstags ab 20 Uhr im Fischenicher Martinushaus.&nbsp;<\/p>\n<p>Viele T\u00e4nzerinnen und T\u00e4nzer, die bisher in anderen Formationen getanzt haben, kennen die KG Blau-Wei\u00df Fischenich vielleicht durch unser Blasorchester, welches sich als Sitzungskapelle und sichere musikalische Begleitung bei Auftritten der Tanzgruppen einen guten Namen gemacht hat.<\/p>\n<p>&nbsp;<\/p>\n<p>&nbsp;<\/p>\n<p>&nbsp;<\/p>\n","protected":false},"excerpt":{"rendered":"<p>Die im letzten Jahr gegr\u00fcndete neue Showtanzgruppe der KG Blau-Wei\u00df Fischenich l\u00e4dt nach guten Erfolgen direkt bei den ersten Auftritten nach Karneval zum Probetraining ein. Es findet statt am Donnerstag, den 5. M\u00e4rz 2026 ab 20 Uhr im Martinushaus, An St. Martin 9, 50354 H\u00fcrth-Fischenich. Interessierte M\u00e4dels und Jungen ab 18 Jahren k\u00f6nnen auch mit [&hellip;]<\/p>\n","protected":false},"author":55,"featured_media":0,"comment_status":"open","ping_status":"open","sticky":false,"template":"","format":"standard","meta":{"ngg_post_thumbnail":0,"_jetpack_newsletter_access":"","_jetpack_dont_email_post_to_subs":false,"_jetpack_newsletter_tier_id":0,"_jetpack_memberships_contains_paywalled_content":false,"_jetpack_memberships_contains_paid_content":false,"footnotes":"","_links_to":"","_links_to_target":""},"categories":[1],"tags":[],"class_list":["post-26817","post","type-post","status-publish","format-standard","hentry","category-allgemein"],"featured_image_urls":{"full":"","thumbnail":"","medium":"","medium_large":"","large":"","1536x1536":"","2048x2048":""},"author_info":{"info":["Helmut G\u00f6rtz"]},"category_info":"<a href=\"https:\/\/www.blau-weiss-fischenich.de\/?cat=1\" rel=\"category\">Allgemein<\/a>","tag_info":"Allgemein","comment_count":"0","jetpack_featured_media_url":"","jetpack_sharing_enabled":true,"jetpack_shortlink":"https:\/\/wp.me\/p787HS-6Yx","publishpress_future_action":{"enabled":false,"date":"2026-05-10 14:33:46","action":"change-status","newStatus":"draft","terms":[],"taxonomy":"category","extraData":[]},"publishpress_future_workflow_manual_trigger":{"enabledWorkflows":[]},"_links":{"self":[{"href":"https:\/\/www.blau-weiss-fischenich.de\/index.php?rest_route=\/wp\/v2\/posts\/26817","targetHints":{"allow":["GET"]}}],"collection":[{"href":"https:\/\/www.blau-weiss-fischenich.de\/index.php?rest_route=\/wp\/v2\/posts"}],"about":[{"href":"https:\/\/www.blau-weiss-fischenich.de\/index.php?rest_route=\/wp\/v2\/types\/post"}],"author":[{"embeddable":true,"href":"https:\/\/www.blau-weiss-fischenich.de\/index.php?rest_route=\/wp\/v2\/users\/55"}],"replies":[{"embeddable":true,"href":"https:\/\/www.blau-weiss-fischenich.de\/index.php?rest_route=%2Fwp%2Fv2%2Fcomments&post=26817"}],"version-history":[{"count":3,"href":"https:\/\/www.blau-weiss-fischenich.de\/index.php?rest_route=\/wp\/v2\/posts\/26817\/revisions"}],"predecessor-version":[{"id":26821,"href":"https:\/\/www.blau-weiss-fischenich.de\/index.php?rest_route=\/wp\/v2\/posts\/26817\/revisions\/26821"}],"wp:attachment":[{"href":"https:\/\/www.blau-weiss-fischenich.de\/index.php?rest_route=%2Fwp%2Fv2%2Fmedia&parent=26817"}],"wp:term":[{"taxonomy":"category","embeddable":true,"href":"https:\/\/www.blau-weiss-fischenich.de\/index.php?rest_route=%2Fwp%2Fv2%2Fcategories&post=26817"},{"taxonomy":"post_tag","embeddable":true,"href":"https:\/\/www.blau-weiss-fischenich.de\/index.php?rest_route=%2Fwp%2Fv2%2Ftags&post=26817"}],"curies":[{"name":"wp","href":"https:\/\/api.w.org\/{rel}","templated":true}]}}