{"id":26955,"date":"2026-05-01T10:54:45","date_gmt":"2026-05-01T08:54:45","guid":{"rendered":"https:\/\/www.blau-weiss-fischenich.de\/?p=26955"},"modified":"2026-05-01T10:59:02","modified_gmt":"2026-05-01T08:59:02","slug":"der-maibaum-in-fischenich-steht","status":"publish","type":"post","link":"https:\/\/www.blau-weiss-fischenich.de\/?p=26955","title":{"rendered":"Der Maibaum in Fischenich steht!"},"content":{"rendered":"<div id=\"attachment_26956\" style=\"width: 167px\" class=\"wp-caption alignleft\"><a href=\"https:\/\/i0.wp.com\/www.blau-weiss-fischenich.de\/wp-content\/uploads\/2026\/05\/Maibaum1-scaled.jpg?ssl=1\"><img data-recalc-dims=\"1\" decoding=\"async\" aria-describedby=\"caption-attachment-26956\" class=\"size-medium wp-image-26956\" src=\"https:\/\/i0.wp.com\/www.blau-weiss-fischenich.de\/wp-content\/uploads\/2026\/05\/Maibaum1.jpg?resize=157%2C300&#038;ssl=1\" alt=\"\" width=\"157\" height=\"300\" srcset=\"https:\/\/i0.wp.com\/www.blau-weiss-fischenich.de\/wp-content\/uploads\/2026\/05\/Maibaum1-scaled.jpg?resize=157%2C300&amp;ssl=1 157w, https:\/\/i0.wp.com\/www.blau-weiss-fischenich.de\/wp-content\/uploads\/2026\/05\/Maibaum1-scaled.jpg?resize=537%2C1024&amp;ssl=1 537w, https:\/\/i0.wp.com\/www.blau-weiss-fischenich.de\/wp-content\/uploads\/2026\/05\/Maibaum1-scaled.jpg?resize=768%2C1465&amp;ssl=1 768w, https:\/\/i0.wp.com\/www.blau-weiss-fischenich.de\/wp-content\/uploads\/2026\/05\/Maibaum1-scaled.jpg?resize=805%2C1536&amp;ssl=1 805w, https:\/\/i0.wp.com\/www.blau-weiss-fischenich.de\/wp-content\/uploads\/2026\/05\/Maibaum1-scaled.jpg?resize=1074%2C2048&amp;ssl=1 1074w, https:\/\/i0.wp.com\/www.blau-weiss-fischenich.de\/wp-content\/uploads\/2026\/05\/Maibaum1-scaled.jpg?w=1342&amp;ssl=1 1342w\" sizes=\"(max-width: 157px) 100vw, 157px\" \/><\/a><p id=\"caption-attachment-26956\" class=\"wp-caption-text\">Der Maibaum 2026 steht<\/p><\/div>\n<p>&nbsp;<\/p>\n<p>Mit dem Marsch \u201eGru\u00df an W\u00fcrzburg\u201c spielte das Blasorchester der Fischenicher Blau-Wei\u00dfen den Junggesellenverein Fischenich, das designierte Dreigestirn und viele Fischenicher in die geschm\u00fcckte Aula der Kath. Martinusschule, um dort nach dem Aufstellen des bunt geschm\u00fcckten gro\u00dfen Maibaumes zu feiern.<\/p>\n<p>Vorangegangen war ein Festzug vom Rosellenplatz zum Platz an der Schule mit z\u00fcnftiger Blasmusik, dem Junggesellenverein Fischenich mit Traktor, Anh\u00e4nger und Maibaum, dem Kinder- und Jugendtanzcorps der KG Blau-Wei\u00df Fischenich und der Dorfgemeinschaft. Mit vielen Helfern an den Seilen und einem Traktor mit Frontlader wurde dann der gro\u00dfe Maibaum mit kleinen technischen Problemen, aber mit vereinten Kr\u00e4ften und Beifall durch die zahlreichen Zuschauern aufgestellt. Dazu spielte das Blasorchester, geleitet von Gerd Au\u00dfem, das Lied \u201eDer Mai ist gekommen\u201c. Anschlie\u00dfend zeigte G\u00fcnter Brockerhoff, das er das F\u00e4hndelschwenken mit Livemusik vom Blasorchester noch nicht verlernt hat.<\/p>\n<p>In der Aula der Matinusschule stellte Ortsvorsteher und Dorfgemeinschaftsvorsitzender Norbert Gr\u00e4fen den Fischenichern das designierte Dreigestirn 2027 mit Prinz Kai I.(Maiwald), Bauer Michael (Gatzweiler) und Jungfrau Elli (Uwe Au\u00dfem) und Begleitung vor. B\u00fcrgermeister Dirk Breuer, gerade nach einem Termin in D\u00fcsseldorf noch rechtzeitig eingetroffen, sprach einige Gru\u00dfworte. Die KG Blau-Wei\u00df Fischenich wurde 1957 gegr\u00fcndet und kann im n\u00e4chsten Jahr ihr 70-j\u00e4hriges Bestehen feiern. Der offizielle Teil endete mit der Preisverleihung f\u00fcr die sch\u00f6nsten Kost\u00fcme im Fischenicher Karnevalszug. Den 1. Platz belegte die Fu\u00dfgruppe \u201eJecke Fr\u00fcnde\u201c, den 2. Platz die \u201eKG Us Spass an de Freud\u201c und der 3. Platz ging an die Gruppe \u201eThe Guardian of he Karneval\u201c.&nbsp;<\/p>\n<p><a href=\"https:\/\/i0.wp.com\/www.blau-weiss-fischenich.de\/wp-content\/uploads\/2026\/05\/Blasorchester-Dirigent-scaled.jpg?ssl=1\"><img data-recalc-dims=\"1\" fetchpriority=\"high\" decoding=\"async\" class=\"size-medium wp-image-26957 alignnone\" src=\"https:\/\/i0.wp.com\/www.blau-weiss-fischenich.de\/wp-content\/uploads\/2026\/05\/Blasorchester-Dirigent.jpg?resize=300%2C190&#038;ssl=1\" alt=\"\" width=\"300\" height=\"190\" srcset=\"https:\/\/i0.wp.com\/www.blau-weiss-fischenich.de\/wp-content\/uploads\/2026\/05\/Blasorchester-Dirigent-scaled.jpg?resize=300%2C190&amp;ssl=1 300w, https:\/\/i0.wp.com\/www.blau-weiss-fischenich.de\/wp-content\/uploads\/2026\/05\/Blasorchester-Dirigent-scaled.jpg?resize=1024%2C648&amp;ssl=1 1024w, https:\/\/i0.wp.com\/www.blau-weiss-fischenich.de\/wp-content\/uploads\/2026\/05\/Blasorchester-Dirigent-scaled.jpg?resize=768%2C486&amp;ssl=1 768w, https:\/\/i0.wp.com\/www.blau-weiss-fischenich.de\/wp-content\/uploads\/2026\/05\/Blasorchester-Dirigent-scaled.jpg?resize=1536%2C972&amp;ssl=1 1536w, https:\/\/i0.wp.com\/www.blau-weiss-fischenich.de\/wp-content\/uploads\/2026\/05\/Blasorchester-Dirigent-scaled.jpg?resize=2048%2C1296&amp;ssl=1 2048w\" sizes=\"(max-width: 300px) 100vw, 300px\" \/> <\/a><a href=\"https:\/\/i0.wp.com\/www.blau-weiss-fischenich.de\/wp-content\/uploads\/2026\/05\/20260430_192909-scaled.jpg?ssl=1\"><img data-recalc-dims=\"1\" decoding=\"async\" class=\"alignleft size-medium wp-image-26958\" src=\"https:\/\/i0.wp.com\/www.blau-weiss-fischenich.de\/wp-content\/uploads\/2026\/05\/20260430_192909.jpg?resize=300%2C225&#038;ssl=1\" alt=\"\" width=\"300\" height=\"225\" srcset=\"https:\/\/i0.wp.com\/www.blau-weiss-fischenich.de\/wp-content\/uploads\/2026\/05\/20260430_192909-scaled.jpg?resize=300%2C225&amp;ssl=1 300w, https:\/\/i0.wp.com\/www.blau-weiss-fischenich.de\/wp-content\/uploads\/2026\/05\/20260430_192909-scaled.jpg?resize=1024%2C768&amp;ssl=1 1024w, https:\/\/i0.wp.com\/www.blau-weiss-fischenich.de\/wp-content\/uploads\/2026\/05\/20260430_192909-scaled.jpg?resize=768%2C576&amp;ssl=1 768w, https:\/\/i0.wp.com\/www.blau-weiss-fischenich.de\/wp-content\/uploads\/2026\/05\/20260430_192909-scaled.jpg?resize=1536%2C1152&amp;ssl=1 1536w, https:\/\/i0.wp.com\/www.blau-weiss-fischenich.de\/wp-content\/uploads\/2026\/05\/20260430_192909-scaled.jpg?resize=2048%2C1536&amp;ssl=1 2048w\" sizes=\"(max-width: 300px) 100vw, 300px\" \/><\/a><a href=\"https:\/\/i0.wp.com\/www.blau-weiss-fischenich.de\/wp-content\/uploads\/2026\/05\/Norbert-Graefen-scaled.jpg?ssl=1\"><img data-recalc-dims=\"1\" loading=\"lazy\" decoding=\"async\" class=\"alignleft size-medium wp-image-26959\" src=\"https:\/\/i0.wp.com\/www.blau-weiss-fischenich.de\/wp-content\/uploads\/2026\/05\/Norbert-Graefen.jpg?resize=300%2C206&#038;ssl=1\" alt=\"\" width=\"300\" height=\"206\" srcset=\"https:\/\/i0.wp.com\/www.blau-weiss-fischenich.de\/wp-content\/uploads\/2026\/05\/Norbert-Graefen-scaled.jpg?resize=300%2C206&amp;ssl=1 300w, https:\/\/i0.wp.com\/www.blau-weiss-fischenich.de\/wp-content\/uploads\/2026\/05\/Norbert-Graefen-scaled.jpg?resize=1024%2C702&amp;ssl=1 1024w, https:\/\/i0.wp.com\/www.blau-weiss-fischenich.de\/wp-content\/uploads\/2026\/05\/Norbert-Graefen-scaled.jpg?resize=768%2C527&amp;ssl=1 768w, https:\/\/i0.wp.com\/www.blau-weiss-fischenich.de\/wp-content\/uploads\/2026\/05\/Norbert-Graefen-scaled.jpg?resize=1536%2C1053&amp;ssl=1 1536w, https:\/\/i0.wp.com\/www.blau-weiss-fischenich.de\/wp-content\/uploads\/2026\/05\/Norbert-Graefen-scaled.jpg?resize=2048%2C1404&amp;ssl=1 2048w\" sizes=\"(max-width: 300px) 100vw, 300px\" \/><\/a><a href=\"https:\/\/i0.wp.com\/www.blau-weiss-fischenich.de\/wp-content\/uploads\/2026\/05\/Gruppenbild-KJC-scaled.jpg?ssl=1\"><img data-recalc-dims=\"1\" loading=\"lazy\" decoding=\"async\" class=\"size-medium wp-image-26960 alignnone\" src=\"https:\/\/i0.wp.com\/www.blau-weiss-fischenich.de\/wp-content\/uploads\/2026\/05\/Gruppenbild-KJC.jpg?resize=300%2C213&#038;ssl=1\" alt=\"\" width=\"300\" height=\"213\" srcset=\"https:\/\/i0.wp.com\/www.blau-weiss-fischenich.de\/wp-content\/uploads\/2026\/05\/Gruppenbild-KJC-scaled.jpg?resize=300%2C213&amp;ssl=1 300w, https:\/\/i0.wp.com\/www.blau-weiss-fischenich.de\/wp-content\/uploads\/2026\/05\/Gruppenbild-KJC-scaled.jpg?resize=1024%2C727&amp;ssl=1 1024w, https:\/\/i0.wp.com\/www.blau-weiss-fischenich.de\/wp-content\/uploads\/2026\/05\/Gruppenbild-KJC-scaled.jpg?resize=768%2C546&amp;ssl=1 768w, https:\/\/i0.wp.com\/www.blau-weiss-fischenich.de\/wp-content\/uploads\/2026\/05\/Gruppenbild-KJC-scaled.jpg?resize=1536%2C1091&amp;ssl=1 1536w, https:\/\/i0.wp.com\/www.blau-weiss-fischenich.de\/wp-content\/uploads\/2026\/05\/Gruppenbild-KJC-scaled.jpg?resize=2048%2C1455&amp;ssl=1 2048w\" sizes=\"(max-width: 300px) 100vw, 300px\" \/><\/a> <a href=\"https:\/\/i0.wp.com\/www.blau-weiss-fischenich.de\/wp-content\/uploads\/2026\/05\/Dreigestirn1-scaled.jpg?ssl=1\"><img data-recalc-dims=\"1\" loading=\"lazy\" decoding=\"async\" class=\"alignleft size-medium wp-image-26963\" src=\"https:\/\/i0.wp.com\/www.blau-weiss-fischenich.de\/wp-content\/uploads\/2026\/05\/Dreigestirn1.jpg?resize=300%2C195&#038;ssl=1\" alt=\"\" width=\"300\" height=\"195\" srcset=\"https:\/\/i0.wp.com\/www.blau-weiss-fischenich.de\/wp-content\/uploads\/2026\/05\/Dreigestirn1-scaled.jpg?resize=300%2C195&amp;ssl=1 300w, https:\/\/i0.wp.com\/www.blau-weiss-fischenich.de\/wp-content\/uploads\/2026\/05\/Dreigestirn1-scaled.jpg?resize=1024%2C667&amp;ssl=1 1024w, https:\/\/i0.wp.com\/www.blau-weiss-fischenich.de\/wp-content\/uploads\/2026\/05\/Dreigestirn1-scaled.jpg?resize=768%2C500&amp;ssl=1 768w, https:\/\/i0.wp.com\/www.blau-weiss-fischenich.de\/wp-content\/uploads\/2026\/05\/Dreigestirn1-scaled.jpg?resize=1536%2C1000&amp;ssl=1 1536w, https:\/\/i0.wp.com\/www.blau-weiss-fischenich.de\/wp-content\/uploads\/2026\/05\/Dreigestirn1-scaled.jpg?resize=2048%2C1334&amp;ssl=1 2048w\" sizes=\"(max-width: 300px) 100vw, 300px\" \/><\/a><\/p>\n","protected":false},"excerpt":{"rendered":"<p>&nbsp; Mit dem Marsch \u201eGru\u00df an W\u00fcrzburg\u201c spielte das Blasorchester der Fischenicher Blau-Wei\u00dfen den Junggesellenverein Fischenich, das designierte Dreigestirn und viele Fischenicher in die geschm\u00fcckte Aula der Kath. Martinusschule, um dort nach dem Aufstellen des bunt geschm\u00fcckten gro\u00dfen Maibaumes zu feiern. Vorangegangen war ein Festzug vom Rosellenplatz zum Platz an der Schule mit z\u00fcnftiger Blasmusik, [&hellip;]<\/p>\n","protected":false},"author":55,"featured_media":0,"comment_status":"closed","ping_status":"closed","sticky":false,"template":"","format":"standard","meta":{"ngg_post_thumbnail":0,"_jetpack_newsletter_access":"","_jetpack_dont_email_post_to_subs":false,"_jetpack_newsletter_tier_id":0,"_jetpack_memberships_contains_paywalled_content":false,"_jetpack_memberships_contains_paid_content":false,"footnotes":"","_links_to":"","_links_to_target":""},"categories":[1],"tags":[],"class_list":["post-26955","post","type-post","status-publish","format-standard","hentry","category-allgemein"],"featured_image_urls":{"full":"","thumbnail":"","medium":"","medium_large":"","large":"","1536x1536":"","2048x2048":""},"author_info":{"info":["Helmut G\u00f6rtz"]},"category_info":"<a href=\"https:\/\/www.blau-weiss-fischenich.de\/?cat=1\" rel=\"category\">Allgemein<\/a>","tag_info":"Allgemein","comment_count":"0","jetpack_featured_media_url":"","jetpack_sharing_enabled":true,"jetpack_shortlink":"https:\/\/wp.me\/p787HS-70L","publishpress_future_action":{"enabled":false,"date":"2026-05-08 14:24:58","action":"change-status","newStatus":"draft","terms":[],"taxonomy":"category","extraData":[]},"publishpress_future_workflow_manual_trigger":{"enabledWorkflows":[]},"_links":{"self":[{"href":"https:\/\/www.blau-weiss-fischenich.de\/index.php?rest_route=\/wp\/v2\/posts\/26955","targetHints":{"allow":["GET"]}}],"collection":[{"href":"https:\/\/www.blau-weiss-fischenich.de\/index.php?rest_route=\/wp\/v2\/posts"}],"about":[{"href":"https:\/\/www.blau-weiss-fischenich.de\/index.php?rest_route=\/wp\/v2\/types\/post"}],"author":[{"embeddable":true,"href":"https:\/\/www.blau-weiss-fischenich.de\/index.php?rest_route=\/wp\/v2\/users\/55"}],"replies":[{"embeddable":true,"href":"https:\/\/www.blau-weiss-fischenich.de\/index.php?rest_route=%2Fwp%2Fv2%2Fcomments&post=26955"}],"version-history":[{"count":3,"href":"https:\/\/www.blau-weiss-fischenich.de\/index.php?rest_route=\/wp\/v2\/posts\/26955\/revisions"}],"predecessor-version":[{"id":26965,"href":"https:\/\/www.blau-weiss-fischenich.de\/index.php?rest_route=\/wp\/v2\/posts\/26955\/revisions\/26965"}],"wp:attachment":[{"href":"https:\/\/www.blau-weiss-fischenich.de\/index.php?rest_route=%2Fwp%2Fv2%2Fmedia&parent=26955"}],"wp:term":[{"taxonomy":"category","embeddable":true,"href":"https:\/\/www.blau-weiss-fischenich.de\/index.php?rest_route=%2Fwp%2Fv2%2Fcategories&post=26955"},{"taxonomy":"post_tag","embeddable":true,"href":"https:\/\/www.blau-weiss-fischenich.de\/index.php?rest_route=%2Fwp%2Fv2%2Ftags&post=26955"}],"curies":[{"name":"wp","href":"https:\/\/api.w.org\/{rel}","templated":true}]}}