{"id":3138,"date":"2012-09-20T09:01:44","date_gmt":"2012-09-20T07:01:44","guid":{"rendered":"http:\/\/www.blau-weiss-fischenich.de\/?p=3138"},"modified":"2013-05-22T08:41:35","modified_gmt":"2013-05-22T06:41:35","slug":"familienwandertag","status":"publish","type":"post","link":"https:\/\/www.blau-weiss-fischenich.de\/?p=3138","title":{"rendered":"Familienwandertag"},"content":{"rendered":"<p><img data-recalc-dims=\"1\" decoding=\"async\" class=\"size-medium wp-image-3140 alignleft\" style=\"margin-left: 5px; margin-right: 5px;\" title=\"Quelle: http:\/\/www.kawakatrin.de\" alt=\"Quelle: http:\/\/www.kawakatrin.de\" src=\"https:\/\/i0.wp.com\/www.blau-weiss-fischenich.de\/wp-content\/uploads\/2012\/09\/wandern-300x156.gif?resize=300%2C156\" width=\"300\" height=\"156\" srcset=\"https:\/\/i0.wp.com\/www.blau-weiss-fischenich.de\/wp-content\/uploads\/2012\/09\/wandern.gif?resize=300%2C156&amp;ssl=1 300w, https:\/\/i0.wp.com\/www.blau-weiss-fischenich.de\/wp-content\/uploads\/2012\/09\/wandern.gif?w=325&amp;ssl=1 325w\" sizes=\"(max-width: 300px) 100vw, 300px\" \/><\/p>\n<p>Am Samstag, den 20.10.2012 findet unser erster Familienwandertag zum Bleibtreu-See statt. Neben dem Motto wandern und gemeinsamer Austausch von Vereinsinteressen ist auch f\u00fcr den Kinderspass gesorgt. Gemeinsam geht es um 13:45 Uhr am Mittelpunktplatz gegen\u00fcber der Martinus-Schule H\u00fcrth-Fischenich, Am Druvendriesch los. Unsere Wanderung m\u00f6chten wir ab ca. 17:00 Uhr bei Bischoff\u00b4s Brauterrassen <!--more-->bei einem frischen K\u00f6lsch oder einer leckeren Limo ausklingen lassen.<\/p>\n<p>&nbsp;<\/p>\n<p><strong>Hinweise:<\/strong><\/p>\n<p>1.\u00a0\u00a0\u00a0\u00a0\u00a0\u00a0 Der Wanderweg ist mit dem Kinderwagen leider nicht befahrbar.<br \/>\n2.\u00a0\u00a0\u00a0\u00a0\u00a0\u00a0 Bei Regen findet die Wanderung nicht statt.<\/p>\n<p>Bei Fragen wendet Euch bitte an Josef Au\u00dfem: Tel.: 02233 \/ 43133<\/p>\n","protected":false},"excerpt":{"rendered":"<p>Am Samstag, den 20.10.2012 findet unser erster Familienwandertag zum Bleibtreu-See statt. Neben dem Motto wandern und gemeinsamer Austausch von Vereinsinteressen ist auch f\u00fcr den Kinderspass gesorgt. Gemeinsam geht es um 13:45 Uhr am Mittelpunktplatz gegen\u00fcber der Martinus-Schule H\u00fcrth-Fischenich, Am Druvendriesch los. Unsere Wanderung m\u00f6chten wir ab ca. 17:00 Uhr bei Bischoff\u00b4s Brauterrassen<\/p>\n","protected":false},"author":2,"featured_media":0,"comment_status":"open","ping_status":"open","sticky":false,"template":"","format":"standard","meta":{"ngg_post_thumbnail":0,"_jetpack_newsletter_access":"","_jetpack_dont_email_post_to_subs":false,"_jetpack_newsletter_tier_id":0,"_jetpack_memberships_contains_paywalled_content":false,"_jetpack_memberships_contains_paid_content":false,"footnotes":"","_links_to":"","_links_to_target":""},"categories":[1],"tags":[92,90],"class_list":["post-3138","post","type-post","status-publish","format-standard","hentry","category-allgemein","tag-mitgliedertreffen","tag-vereinstour"],"featured_image_urls":{"full":"","thumbnail":"","medium":"","medium_large":"","large":"","1536x1536":"","2048x2048":""},"author_info":{"info":["Webmaster"]},"category_info":"<a href=\"https:\/\/www.blau-weiss-fischenich.de\/?cat=1\" rel=\"category\">Allgemein<\/a>","tag_info":"Allgemein","comment_count":"0","jetpack_featured_media_url":"","jetpack_sharing_enabled":true,"jetpack_shortlink":"https:\/\/wp.me\/p787HS-OC","publishpress_future_action":{"enabled":false,"date":"2026-05-03 11:49:55","action":"change-status","newStatus":"draft","terms":[],"taxonomy":"category","extraData":[]},"publishpress_future_workflow_manual_trigger":{"enabledWorkflows":[]},"_links":{"self":[{"href":"https:\/\/www.blau-weiss-fischenich.de\/index.php?rest_route=\/wp\/v2\/posts\/3138","targetHints":{"allow":["GET"]}}],"collection":[{"href":"https:\/\/www.blau-weiss-fischenich.de\/index.php?rest_route=\/wp\/v2\/posts"}],"about":[{"href":"https:\/\/www.blau-weiss-fischenich.de\/index.php?rest_route=\/wp\/v2\/types\/post"}],"author":[{"embeddable":true,"href":"https:\/\/www.blau-weiss-fischenich.de\/index.php?rest_route=\/wp\/v2\/users\/2"}],"replies":[{"embeddable":true,"href":"https:\/\/www.blau-weiss-fischenich.de\/index.php?rest_route=%2Fwp%2Fv2%2Fcomments&post=3138"}],"version-history":[{"count":0,"href":"https:\/\/www.blau-weiss-fischenich.de\/index.php?rest_route=\/wp\/v2\/posts\/3138\/revisions"}],"wp:attachment":[{"href":"https:\/\/www.blau-weiss-fischenich.de\/index.php?rest_route=%2Fwp%2Fv2%2Fmedia&parent=3138"}],"wp:term":[{"taxonomy":"category","embeddable":true,"href":"https:\/\/www.blau-weiss-fischenich.de\/index.php?rest_route=%2Fwp%2Fv2%2Fcategories&post=3138"},{"taxonomy":"post_tag","embeddable":true,"href":"https:\/\/www.blau-weiss-fischenich.de\/index.php?rest_route=%2Fwp%2Fv2%2Ftags&post=3138"}],"curies":[{"name":"wp","href":"https:\/\/api.w.org\/{rel}","templated":true}]}}