{"id":3742,"date":"2013-05-03T19:24:14","date_gmt":"2013-05-03T17:24:14","guid":{"rendered":"http:\/\/www.blau-weiss-fischenich.de\/?p=3742"},"modified":"2013-05-22T08:34:33","modified_gmt":"2013-05-22T06:34:33","slug":"neues-vom-mitgliedertreffen-2","status":"publish","type":"post","link":"https:\/\/www.blau-weiss-fischenich.de\/?p=3742","title":{"rendered":"Neues vom Mitgliedertreffen"},"content":{"rendered":"<p><img data-recalc-dims=\"1\" decoding=\"async\" class=\" wp-image-3146   alignleft\" style=\"margin-left: 5px; margin-right: 5px;\" title=\"Quelle: http:\/\/www.evangelische-jugend-luenen.de\" alt=\"Quelle: http:\/\/www.evangelische-jugend-luenen.de\" src=\"https:\/\/i0.wp.com\/www.blau-weiss-fischenich.de\/wp-content\/uploads\/2012\/09\/stammtisch-300x162.jpg?resize=270%2C146\" width=\"270\" height=\"146\" srcset=\"https:\/\/i0.wp.com\/www.blau-weiss-fischenich.de\/wp-content\/uploads\/2012\/09\/stammtisch.jpg?resize=300%2C162&amp;ssl=1 300w, https:\/\/i0.wp.com\/www.blau-weiss-fischenich.de\/wp-content\/uploads\/2012\/09\/stammtisch.jpg?w=540&amp;ssl=1 540w\" sizes=\"(max-width: 270px) 100vw, 270px\" \/><\/p>\n<p>&nbsp;<\/p>\n<p>Gestern haben wir uns das erste Mal im Breitenbacher Hof getroffen. In sehr angenehmer Umgebung mit einer sehr netten Kellnerin hatten wir einen sehr sch\u00f6nen Abend mit der bisher h\u00f6chsten Teilnehmerzahl: 11 (Hier besteht also noch Verbesserungspotential.)<\/p>\n<p>In lustiger Runde haben wir unseren n\u00e4chsten Wandertag geplant, den wir ja leider verschieben mussten.<\/p>\n<p>Neuer Termin: 08.06.2013. 14:00 Uhr<br \/>\nStrecke: ca. 2-st\u00fcndige Wanderung plus PauseTreffpunkt: Am Kapellchen beim Birkhof in Br\u00fchl (N\u00e4he Phantasialand)<\/p>\n<p>Verpflegung: Selbstversorger, jeder sollte Getr\u00e4nke <!--more-->und Pausensnack selber mitbringen, da die Strecke nicht mit einem Auto zug\u00e4nglich ist.<br \/>\nDie Strecke ist kinderwagentauglich!<\/p>\n<p>Nach der Wanderung kehren wir noch bei der Brauerei Bischoff ein, ca. 17:30 Uhr und treffen dort die, die noch gerne ein Kaltgetr\u00e4nk mit den Wanderern trinken m\u00f6chten.<\/p>\n<p><img data-recalc-dims=\"1\" fetchpriority=\"high\" decoding=\"async\" class=\"size-medium wp-image-3744 alignleft\" style=\"margin-left: 5px; margin-right: 5px;\" title=\"Schloss-Augustusburg; Fotograf: Ingo Essler, Br\u00fchl\" alt=\"Schloss-Augustusburg; Fotograf: Ingo Essler, Br\u00fchl\" src=\"https:\/\/i0.wp.com\/www.blau-weiss-fischenich.de\/wp-content\/uploads\/2013\/05\/Schloss-Augustusburg-300x200.jpg?resize=300%2C200\" width=\"300\" height=\"200\" srcset=\"https:\/\/i0.wp.com\/www.blau-weiss-fischenich.de\/wp-content\/uploads\/2013\/05\/Schloss-Augustusburg.jpg?resize=300%2C200&amp;ssl=1 300w, https:\/\/i0.wp.com\/www.blau-weiss-fischenich.de\/wp-content\/uploads\/2013\/05\/Schloss-Augustusburg.jpg?w=1000&amp;ssl=1 1000w\" sizes=\"(max-width: 300px) 100vw, 300px\" \/><\/p>\n<p>Weitere Planung: eine F\u00fchrung durch das Br\u00fchler Schloss Augustusburg. In den n\u00e4chsten Wochen werden wir versuchen in Erfahrung zu bringen, wie gro\u00df das Interesse an einer solchen F\u00fchrung ist. Zu diesem Zweck werden wir auf verschiedenen Wegen Zettel verteilen, mit der Bitte um R\u00fcckantwort, wenn Interesse vorhanden ist. Hierzu werden wir Euch noch genauer informieren, wenn es so weit ist.<\/p>\n","protected":false},"excerpt":{"rendered":"<p>&nbsp; Gestern haben wir uns das erste Mal im Breitenbacher Hof getroffen. In sehr angenehmer Umgebung mit einer sehr netten Kellnerin hatten wir einen sehr sch\u00f6nen Abend mit der bisher h\u00f6chsten Teilnehmerzahl: 11 (Hier besteht also noch Verbesserungspotential.) In lustiger Runde haben wir unseren n\u00e4chsten Wandertag geplant, den wir ja leider verschieben mussten. Neuer Termin: [&hellip;]<\/p>\n","protected":false},"author":2,"featured_media":0,"comment_status":"open","ping_status":"open","sticky":false,"template":"","format":"standard","meta":{"ngg_post_thumbnail":0,"_jetpack_newsletter_access":"","_jetpack_dont_email_post_to_subs":false,"_jetpack_newsletter_tier_id":0,"_jetpack_memberships_contains_paywalled_content":false,"_jetpack_memberships_contains_paid_content":false,"footnotes":"","_links_to":"","_links_to_target":""},"categories":[1],"tags":[92],"class_list":["post-3742","post","type-post","status-publish","format-standard","hentry","category-allgemein","tag-mitgliedertreffen"],"featured_image_urls":{"full":"","thumbnail":"","medium":"","medium_large":"","large":"","1536x1536":"","2048x2048":""},"author_info":{"info":["Webmaster"]},"category_info":"<a href=\"https:\/\/www.blau-weiss-fischenich.de\/?cat=1\" rel=\"category\">Allgemein<\/a>","tag_info":"Allgemein","comment_count":"0","jetpack_featured_media_url":"","jetpack_sharing_enabled":true,"jetpack_shortlink":"https:\/\/wp.me\/p787HS-Ym","publishpress_future_action":{"enabled":false,"date":"2026-05-03 11:50:01","action":"change-status","newStatus":"draft","terms":[],"taxonomy":"category","extraData":[]},"publishpress_future_workflow_manual_trigger":{"enabledWorkflows":[]},"_links":{"self":[{"href":"https:\/\/www.blau-weiss-fischenich.de\/index.php?rest_route=\/wp\/v2\/posts\/3742","targetHints":{"allow":["GET"]}}],"collection":[{"href":"https:\/\/www.blau-weiss-fischenich.de\/index.php?rest_route=\/wp\/v2\/posts"}],"about":[{"href":"https:\/\/www.blau-weiss-fischenich.de\/index.php?rest_route=\/wp\/v2\/types\/post"}],"author":[{"embeddable":true,"href":"https:\/\/www.blau-weiss-fischenich.de\/index.php?rest_route=\/wp\/v2\/users\/2"}],"replies":[{"embeddable":true,"href":"https:\/\/www.blau-weiss-fischenich.de\/index.php?rest_route=%2Fwp%2Fv2%2Fcomments&post=3742"}],"version-history":[{"count":0,"href":"https:\/\/www.blau-weiss-fischenich.de\/index.php?rest_route=\/wp\/v2\/posts\/3742\/revisions"}],"wp:attachment":[{"href":"https:\/\/www.blau-weiss-fischenich.de\/index.php?rest_route=%2Fwp%2Fv2%2Fmedia&parent=3742"}],"wp:term":[{"taxonomy":"category","embeddable":true,"href":"https:\/\/www.blau-weiss-fischenich.de\/index.php?rest_route=%2Fwp%2Fv2%2Fcategories&post=3742"},{"taxonomy":"post_tag","embeddable":true,"href":"https:\/\/www.blau-weiss-fischenich.de\/index.php?rest_route=%2Fwp%2Fv2%2Ftags&post=3742"}],"curies":[{"name":"wp","href":"https:\/\/api.w.org\/{rel}","templated":true}]}}