{"id":3969,"date":"2013-05-29T12:55:15","date_gmt":"2013-05-29T10:55:15","guid":{"rendered":"http:\/\/www.blau-weiss-fischenich.de\/?p=3969"},"modified":"2013-05-29T13:15:35","modified_gmt":"2013-05-29T11:15:35","slug":"tanz-und-partyband-cest-la-vie-musikfest-fr-28-juni-2013","status":"publish","type":"post","link":"https:\/\/www.blau-weiss-fischenich.de\/?p=3969","title":{"rendered":"Tanz- und Partyband &#8220;C&#8217;est la vie&#8221; &#8211; Musikfest Fr. 28. Juni 2013"},"content":{"rendered":"<p><span style=\"font-family: arial,helvetica,sans-serif; font-size: small;\"><a href=\"http:\/\/www.blau-weiss-fischenich.de\/?p=3969\"><img data-recalc-dims=\"1\" decoding=\"async\" class=\"alignleft size-thumbnail wp-image-3687\" style=\"margin: 10px;\" alt=\"C'est la vie - Tanz und Partyband\" src=\"https:\/\/i0.wp.com\/www.blau-weiss-fischenich.de\/wp-content\/uploads\/2013\/04\/Cest-la-vie-Tanz-und-Partyband-150x150.jpg?resize=150%2C150\" width=\"150\" height=\"150\" srcset=\"https:\/\/i0.wp.com\/www.blau-weiss-fischenich.de\/wp-content\/uploads\/2013\/04\/Cest-la-vie-Tanz-und-Partyband.jpg?resize=150%2C150&amp;ssl=1 150w, https:\/\/i0.wp.com\/www.blau-weiss-fischenich.de\/wp-content\/uploads\/2013\/04\/Cest-la-vie-Tanz-und-Partyband.jpg?zoom=2&amp;resize=150%2C150&amp;ssl=1 300w, https:\/\/i0.wp.com\/www.blau-weiss-fischenich.de\/wp-content\/uploads\/2013\/04\/Cest-la-vie-Tanz-und-Partyband.jpg?zoom=3&amp;resize=150%2C150&amp;ssl=1 450w\" sizes=\"(max-width: 150px) 100vw, 150px\" \/><\/a>Am Freitagabend rockt die Tanz- und Partyband &#8220;<a href=\"http:\/\/www.mh-entertainment.de\/index.html\" target=\"_blank\">C&#8217;est la vie<\/a>&#8221; aus Viersen die B\u00fchne mit einem gro\u00dfen Repertoire aus den Bereichen Oldie, Evergreen, Schlager, Rock und Pop der 70er bis heute und nat\u00fcrlich den aktuellen Charts. Da bleiben keine W\u00fcnsche offen \u2013 Partyalarm beim Musikfest in Fischenich!<\/span><\/p>\n<p>&nbsp;<\/p>\n<p style=\"text-align: center;\"><span style=\"font-family: arial,helvetica,sans-serif; font-size: medium;\"><a href=\"http:\/\/www.blau-weiss-fischenich.de\/?p=3825#more-3825\"><em><strong>Programm 44. Musikfest in Fischenich<\/strong><\/em><\/a><\/span><\/p>\n<p>&nbsp;<\/p>\n","protected":false},"excerpt":{"rendered":"<p>Am Freitagabend rockt die Tanz- und Partyband &#8220;C&#8217;est la vie&#8221; aus Viersen die B\u00fchne mit einem gro\u00dfen Repertoire aus den Bereichen Oldie, Evergreen, Schlager, Rock und Pop der 70er bis heute und nat\u00fcrlich den aktuellen Charts. Da bleiben keine W\u00fcnsche offen \u2013 Partyalarm beim Musikfest in Fischenich! &nbsp; Programm 44. Musikfest in Fischenich &nbsp;<\/p>\n","protected":false},"author":2,"featured_media":0,"comment_status":"open","ping_status":"open","sticky":false,"template":"","format":"standard","meta":{"ngg_post_thumbnail":0,"_jetpack_newsletter_access":"","_jetpack_dont_email_post_to_subs":false,"_jetpack_newsletter_tier_id":0,"_jetpack_memberships_contains_paywalled_content":false,"_jetpack_memberships_contains_paid_content":false,"footnotes":"","_links_to":"","_links_to_target":""},"categories":[130],"tags":[32],"class_list":["post-3969","post","type-post","status-publish","format-standard","hentry","category-musikfest","tag-musikfest"],"featured_image_urls":{"full":"","thumbnail":"","medium":"","medium_large":"","large":"","1536x1536":"","2048x2048":""},"author_info":{"info":["Webmaster"]},"category_info":"<a href=\"https:\/\/www.blau-weiss-fischenich.de\/?cat=130\" rel=\"category\">Musikfest<\/a>","tag_info":"Musikfest","comment_count":"0","jetpack_featured_media_url":"","jetpack_sharing_enabled":true,"jetpack_shortlink":"https:\/\/wp.me\/p787HS-121","publishpress_future_action":{"enabled":false,"date":"2026-05-10 17:29:15","action":"change-status","newStatus":"draft","terms":[],"taxonomy":"category","extraData":[]},"publishpress_future_workflow_manual_trigger":{"enabledWorkflows":[]},"_links":{"self":[{"href":"https:\/\/www.blau-weiss-fischenich.de\/index.php?rest_route=\/wp\/v2\/posts\/3969","targetHints":{"allow":["GET"]}}],"collection":[{"href":"https:\/\/www.blau-weiss-fischenich.de\/index.php?rest_route=\/wp\/v2\/posts"}],"about":[{"href":"https:\/\/www.blau-weiss-fischenich.de\/index.php?rest_route=\/wp\/v2\/types\/post"}],"author":[{"embeddable":true,"href":"https:\/\/www.blau-weiss-fischenich.de\/index.php?rest_route=\/wp\/v2\/users\/2"}],"replies":[{"embeddable":true,"href":"https:\/\/www.blau-weiss-fischenich.de\/index.php?rest_route=%2Fwp%2Fv2%2Fcomments&post=3969"}],"version-history":[{"count":0,"href":"https:\/\/www.blau-weiss-fischenich.de\/index.php?rest_route=\/wp\/v2\/posts\/3969\/revisions"}],"wp:attachment":[{"href":"https:\/\/www.blau-weiss-fischenich.de\/index.php?rest_route=%2Fwp%2Fv2%2Fmedia&parent=3969"}],"wp:term":[{"taxonomy":"category","embeddable":true,"href":"https:\/\/www.blau-weiss-fischenich.de\/index.php?rest_route=%2Fwp%2Fv2%2Fcategories&post=3969"},{"taxonomy":"post_tag","embeddable":true,"href":"https:\/\/www.blau-weiss-fischenich.de\/index.php?rest_route=%2Fwp%2Fv2%2Ftags&post=3969"}],"curies":[{"name":"wp","href":"https:\/\/api.w.org\/{rel}","templated":true}]}}